{"id":28902,"date":"2024-10-02T13:54:32","date_gmt":"2024-10-02T18:54:32","guid":{"rendered":"https:\/\/elmercuriomanta.ec\/?p=28902"},"modified":"2024-10-02T15:57:25","modified_gmt":"2024-10-02T20:57:25","slug":"las-quejas-por-intermitencia-en-el-servicio-de-telefonia-no-cesan","status":"publish","type":"post","link":"https:\/\/elmercuriomanta.ec\/index.php\/2024\/10\/02\/las-quejas-por-intermitencia-en-el-servicio-de-telefonia-no-cesan\/","title":{"rendered":"Las quejas por intermitencia en el servicio de telefon\u00eda no cesan"},"content":{"rendered":"\n<figure class=\"wp-block-image aligncenter size-large is-resized\"><img fetchpriority=\"high\" decoding=\"async\" width=\"1024\" height=\"683\" src=\"https:\/\/elmercuriomanta.ec\/wp-content\/uploads\/2024\/10\/image-31-1024x683.png\" alt=\"\" class=\"wp-image-28937\" style=\"width:369px;height:auto\" srcset=\"https:\/\/elmercuriomanta.ec\/wp-content\/uploads\/2024\/10\/image-31-1024x683.png 1024w, https:\/\/elmercuriomanta.ec\/wp-content\/uploads\/2024\/10\/image-31-300x200.png 300w, https:\/\/elmercuriomanta.ec\/wp-content\/uploads\/2024\/10\/image-31-768x512.png 768w, https:\/\/elmercuriomanta.ec\/wp-content\/uploads\/2024\/10\/image-31.png 1200w\" sizes=\"(max-width: 1024px) 100vw, 1024px\" \/><\/figure>\n\n\n\n<p>Las quejas de los usuarios de telefon\u00eda celular por intermitencia en el servicio no cesan, se incrementan con cada apag\u00f3n. Preocupa que ninguna empresa proveedora u organismo de control se hace responsable del problema, ni lo soluciona. El Ministerio de Telecomunicaciones, en una publicaci\u00f3n del 17 de septiembre, dijo que: \u201cImplementan acciones para preservar la continuidad de los servicios frente a la suspensi\u00f3n de servicio el\u00e9ctrico\u201d.&nbsp;<\/p>\n\n\n\n<p>Se consult\u00f3 al MINTEL sobre esas acciones y el seguimiento que dan a los planes de contingencia de las telef\u00f3nicas. En su respuesta dijeron haber enviado el requerimiento a la divisi\u00f3n pertinente. A\u00fan no ha respondido. En realidad, la justificaci\u00f3n de las empresas de telefon\u00eda es log\u00edstica: sus antenas de red celular cuentan con bancos de bater\u00eda que entran en funcionamiento cuando no hay electricidad, su carga dura entre dos y tres horas.<\/p>\n\n\n\n<p>&nbsp;Un lapso inferior a los cortes de luz, y no han previsto mejorar ese plan de contingencia. Patricia Falcon\u00ed, presidenta de la Asociaci\u00f3n de Empresas de Telecomunicaciones, indic\u00f3: \u201cNosotros no podemos ser responsables, ni generar obligaciones adicionales sobre servicios que no nos competen a nosotros, en este caso la parte de la generaci\u00f3n el\u00e9ctrica y de hecho el despliegue que las operadoras han realizado frente a fuentes de energ\u00eda alterna; estos eventos muy puntuales que no son recurrentes y que no est\u00e1n pensados para suplir un elemento necesario o un servicio que el estado tiene que proveer\u201d.<\/p>\n","protected":false},"excerpt":{"rendered":"<p>Las quejas de los usuarios de telefon\u00eda celular por intermitencia en el servicio no cesan, se incrementan con cada apag\u00f3n. Preocupa que ninguna empresa proveedora u organismo de control se hace responsable del problema, ni lo soluciona. El Ministerio de Telecomunicaciones, en una publicaci\u00f3n del 17 de septiembre, dijo que: \u201cImplementan acciones para preservar la continuidad de los servicios frente a la suspensi\u00f3n de servicio el\u00e9ctrico\u201d.\u00a0<\/p>\n","protected":false},"author":1,"featured_media":28937,"comment_status":"open","ping_status":"open","sticky":false,"template":"","format":"standard","meta":{"footnotes":""},"categories":[20,83],"tags":[23],"class_list":["post-28902","post","type-post","status-publish","format-standard","has-post-thumbnail","hentry","category-portada-2","category-sucesos","tag-ecuador"],"_links":{"self":[{"href":"https:\/\/elmercuriomanta.ec\/index.php\/wp-json\/wp\/v2\/posts\/28902","targetHints":{"allow":["GET"]}}],"collection":[{"href":"https:\/\/elmercuriomanta.ec\/index.php\/wp-json\/wp\/v2\/posts"}],"about":[{"href":"https:\/\/elmercuriomanta.ec\/index.php\/wp-json\/wp\/v2\/types\/post"}],"author":[{"embeddable":true,"href":"https:\/\/elmercuriomanta.ec\/index.php\/wp-json\/wp\/v2\/users\/1"}],"replies":[{"embeddable":true,"href":"https:\/\/elmercuriomanta.ec\/index.php\/wp-json\/wp\/v2\/comments?post=28902"}],"version-history":[{"count":2,"href":"https:\/\/elmercuriomanta.ec\/index.php\/wp-json\/wp\/v2\/posts\/28902\/revisions"}],"predecessor-version":[{"id":28938,"href":"https:\/\/elmercuriomanta.ec\/index.php\/wp-json\/wp\/v2\/posts\/28902\/revisions\/28938"}],"wp:featuredmedia":[{"embeddable":true,"href":"https:\/\/elmercuriomanta.ec\/index.php\/wp-json\/wp\/v2\/media\/28937"}],"wp:attachment":[{"href":"https:\/\/elmercuriomanta.ec\/index.php\/wp-json\/wp\/v2\/media?parent=28902"}],"wp:term":[{"taxonomy":"category","embeddable":true,"href":"https:\/\/elmercuriomanta.ec\/index.php\/wp-json\/wp\/v2\/categories?post=28902"},{"taxonomy":"post_tag","embeddable":true,"href":"https:\/\/elmercuriomanta.ec\/index.php\/wp-json\/wp\/v2\/tags?post=28902"}],"curies":[{"name":"wp","href":"https:\/\/api.w.org\/{rel}","templated":true}]}}