{"id":28893,"date":"2024-10-02T13:39:06","date_gmt":"2024-10-02T18:39:06","guid":{"rendered":"https:\/\/elmercuriomanta.ec\/?p=28893"},"modified":"2024-10-02T13:39:08","modified_gmt":"2024-10-02T18:39:08","slug":"termino-la-veda-del-cangrejo","status":"publish","type":"post","link":"https:\/\/elmercuriomanta.ec\/index.php\/2024\/10\/02\/termino-la-veda-del-cangrejo\/","title":{"rendered":"Termin\u00f3 la veda del cangrejo"},"content":{"rendered":"\n<figure class=\"wp-block-image aligncenter size-full\"><img fetchpriority=\"high\" decoding=\"async\" width=\"300\" height=\"298\" src=\"https:\/\/elmercuriomanta.ec\/wp-content\/uploads\/2024\/10\/image-22.png\" alt=\"\" class=\"wp-image-28894\" srcset=\"https:\/\/elmercuriomanta.ec\/wp-content\/uploads\/2024\/10\/image-22.png 300w, https:\/\/elmercuriomanta.ec\/wp-content\/uploads\/2024\/10\/image-22-150x150.png 150w\" sizes=\"(max-width: 300px) 100vw, 300px\" \/><\/figure>\n\n\n\n<p>Desde este martes 1 de octubre se puede volver a vender y consumir cangrejos rojos y azules. La veda por muda concluy\u00f3 este lunes 30 de septiembre, seg\u00fan inform\u00f3 el Ministerio de Producci\u00f3n, Comercio Exterior, Inversiones y Pesca. La segunda veda del a\u00f1o inici\u00f3 el 23 de agosto.&nbsp;<\/p>\n\n\n\n<p>Durante este periodo se prohibi\u00f3 la extracci\u00f3n, captura, producci\u00f3n y venta de los crust\u00e1ceos apetecidos por los ecuatorianos. El Ministerio se\u00f1al\u00f3 que, en esta etapa, los cangrejos son muy sensibles y vulnerables, y que la disposici\u00f3n busc\u00f3 \u201csalvaguardar la sostenibilidad del recurso y la salud p\u00fablica\u201d.&nbsp;<\/p>\n\n\n\n<p>Durante la veda se ejecutaron 235 controles terrestres y fluviales en Guayas, Esmeraldas, Manab\u00ed y Santo Domingo de los Ts\u00e1chilas, y se decomisaron 2 552 cangrejos, que fueron devueltos a su h\u00e1bitat natural.<\/p>\n","protected":false},"excerpt":{"rendered":"<p>Desde este martes 1 de octubre se puede volver a vender y consumir cangrejos rojos y azules. La veda por muda concluy\u00f3 este lunes 30 de septiembre, seg\u00fan inform\u00f3 el Ministerio de Producci\u00f3n, Comercio Exterior, Inversiones y Pesca. La segunda veda del a\u00f1o inici\u00f3 el 23 de agosto.\u00a0<\/p>\n","protected":false},"author":1,"featured_media":28894,"comment_status":"open","ping_status":"open","sticky":false,"template":"","format":"standard","meta":{"footnotes":""},"categories":[19],"tags":[23],"class_list":["post-28893","post","type-post","status-publish","format-standard","has-post-thumbnail","hentry","category-portada-1","tag-ecuador"],"_links":{"self":[{"href":"https:\/\/elmercuriomanta.ec\/index.php\/wp-json\/wp\/v2\/posts\/28893","targetHints":{"allow":["GET"]}}],"collection":[{"href":"https:\/\/elmercuriomanta.ec\/index.php\/wp-json\/wp\/v2\/posts"}],"about":[{"href":"https:\/\/elmercuriomanta.ec\/index.php\/wp-json\/wp\/v2\/types\/post"}],"author":[{"embeddable":true,"href":"https:\/\/elmercuriomanta.ec\/index.php\/wp-json\/wp\/v2\/users\/1"}],"replies":[{"embeddable":true,"href":"https:\/\/elmercuriomanta.ec\/index.php\/wp-json\/wp\/v2\/comments?post=28893"}],"version-history":[{"count":1,"href":"https:\/\/elmercuriomanta.ec\/index.php\/wp-json\/wp\/v2\/posts\/28893\/revisions"}],"predecessor-version":[{"id":28895,"href":"https:\/\/elmercuriomanta.ec\/index.php\/wp-json\/wp\/v2\/posts\/28893\/revisions\/28895"}],"wp:featuredmedia":[{"embeddable":true,"href":"https:\/\/elmercuriomanta.ec\/index.php\/wp-json\/wp\/v2\/media\/28894"}],"wp:attachment":[{"href":"https:\/\/elmercuriomanta.ec\/index.php\/wp-json\/wp\/v2\/media?parent=28893"}],"wp:term":[{"taxonomy":"category","embeddable":true,"href":"https:\/\/elmercuriomanta.ec\/index.php\/wp-json\/wp\/v2\/categories?post=28893"},{"taxonomy":"post_tag","embeddable":true,"href":"https:\/\/elmercuriomanta.ec\/index.php\/wp-json\/wp\/v2\/tags?post=28893"}],"curies":[{"name":"wp","href":"https:\/\/api.w.org\/{rel}","templated":true}]}}