{"id":28887,"date":"2024-10-02T13:33:54","date_gmt":"2024-10-02T18:33:54","guid":{"rendered":"https:\/\/elmercuriomanta.ec\/?p=28887"},"modified":"2024-10-02T13:33:56","modified_gmt":"2024-10-02T18:33:56","slug":"la-virgen-de-monserrate-recorrera-montecristi","status":"publish","type":"post","link":"https:\/\/elmercuriomanta.ec\/index.php\/2024\/10\/02\/la-virgen-de-monserrate-recorrera-montecristi\/","title":{"rendered":"La virgen de Monserrate recorrer\u00e1 Montecristi"},"content":{"rendered":"\n<figure class=\"wp-block-image aligncenter size-full is-resized\"><img fetchpriority=\"high\" decoding=\"async\" width=\"706\" height=\"476\" src=\"https:\/\/elmercuriomanta.ec\/wp-content\/uploads\/2024\/10\/image-20.png\" alt=\"\" class=\"wp-image-28888\" style=\"width:214px;height:auto\" srcset=\"https:\/\/elmercuriomanta.ec\/wp-content\/uploads\/2024\/10\/image-20.png 706w, https:\/\/elmercuriomanta.ec\/wp-content\/uploads\/2024\/10\/image-20-300x202.png 300w\" sizes=\"(max-width: 706px) 100vw, 706px\" \/><\/figure>\n\n\n\n<p>En el marco de las celebraciones religiosas en honor a la Virgen de Monserrate, la comunidad cat\u00f3lica del cant\u00f3n Montecristi podr\u00e1 recibir su imagen en diversos sectores durante el mes de octubre. Esta peregrinaci\u00f3n especial ha sido organizada con el prop\u00f3sito de acercar la devoci\u00f3n mariana a los fieles que, por diversas razones, no podr\u00e1n participar en las festividades masivas de noviembre.<\/p>\n\n\n\n<p>&nbsp;El recorrido iniciar\u00e1 en la cabecera cantonal y se extender\u00e1 hasta la parroquia An\u00edbal San Andr\u00e9s, permitiendo que la imagen de la Virgen llegue a lugares clave de la regi\u00f3n. Este evento culminar\u00e1 el 4 de noviembre, y el 5 de noviembre la imagen retornar\u00e1 a la Bas\u00edlica para el tradicional preg\u00f3n que marcar\u00e1 el inicio de las festividades principales del quincenario.<\/p>\n\n\n\n<p>&nbsp;Esta iniciativa busca fortalecer el esp\u00edritu de devoci\u00f3n en la comunidad y ofrecer una oportunidad \u00fanica de conexi\u00f3n espiritual antes del quincenario, que congregar\u00e1 a miles de peregrinos en los d\u00edas venideros.<\/p>\n\n\n\n<p><\/p>\n","protected":false},"excerpt":{"rendered":"<p>En el marco de las celebraciones religiosas en honor a la Virgen de Monserrate, la comunidad cat\u00f3lica del cant\u00f3n Montecristi podr\u00e1 recibir su imagen en diversos sectores durante el mes de octubre. Esta peregrinaci\u00f3n especial ha sido organizada con el prop\u00f3sito de acercar la devoci\u00f3n mariana a los fieles que, por diversas razones, no podr\u00e1n participar en las festividades masivas de noviembre.<\/p>\n","protected":false},"author":1,"featured_media":28888,"comment_status":"open","ping_status":"open","sticky":false,"template":"","format":"standard","meta":{"footnotes":""},"categories":[21],"tags":[29],"class_list":["post-28887","post","type-post","status-publish","format-standard","has-post-thumbnail","hentry","category-noticia-del-dia","tag-manabi"],"_links":{"self":[{"href":"https:\/\/elmercuriomanta.ec\/index.php\/wp-json\/wp\/v2\/posts\/28887","targetHints":{"allow":["GET"]}}],"collection":[{"href":"https:\/\/elmercuriomanta.ec\/index.php\/wp-json\/wp\/v2\/posts"}],"about":[{"href":"https:\/\/elmercuriomanta.ec\/index.php\/wp-json\/wp\/v2\/types\/post"}],"author":[{"embeddable":true,"href":"https:\/\/elmercuriomanta.ec\/index.php\/wp-json\/wp\/v2\/users\/1"}],"replies":[{"embeddable":true,"href":"https:\/\/elmercuriomanta.ec\/index.php\/wp-json\/wp\/v2\/comments?post=28887"}],"version-history":[{"count":1,"href":"https:\/\/elmercuriomanta.ec\/index.php\/wp-json\/wp\/v2\/posts\/28887\/revisions"}],"predecessor-version":[{"id":28889,"href":"https:\/\/elmercuriomanta.ec\/index.php\/wp-json\/wp\/v2\/posts\/28887\/revisions\/28889"}],"wp:featuredmedia":[{"embeddable":true,"href":"https:\/\/elmercuriomanta.ec\/index.php\/wp-json\/wp\/v2\/media\/28888"}],"wp:attachment":[{"href":"https:\/\/elmercuriomanta.ec\/index.php\/wp-json\/wp\/v2\/media?parent=28887"}],"wp:term":[{"taxonomy":"category","embeddable":true,"href":"https:\/\/elmercuriomanta.ec\/index.php\/wp-json\/wp\/v2\/categories?post=28887"},{"taxonomy":"post_tag","embeddable":true,"href":"https:\/\/elmercuriomanta.ec\/index.php\/wp-json\/wp\/v2\/tags?post=28887"}],"curies":[{"name":"wp","href":"https:\/\/api.w.org\/{rel}","templated":true}]}}