{"id":28853,"date":"2024-10-01T10:48:30","date_gmt":"2024-10-01T15:48:30","guid":{"rendered":"https:\/\/elmercuriomanta.ec\/?p=28853"},"modified":"2024-10-01T10:48:32","modified_gmt":"2024-10-01T15:48:32","slug":"plantean-un-pico-y-placa-electrico-para-reducir-el-consumo-electrico","status":"publish","type":"post","link":"https:\/\/elmercuriomanta.ec\/index.php\/2024\/10\/01\/plantean-un-pico-y-placa-electrico-para-reducir-el-consumo-electrico\/","title":{"rendered":"plantean un \u2018Pico y placa el\u00e9ctrico\u2019 para reducir el consumo el\u00e9ctrico"},"content":{"rendered":"\n<figure class=\"wp-block-image aligncenter size-full is-resized\"><img fetchpriority=\"high\" decoding=\"async\" width=\"480\" height=\"270\" src=\"https:\/\/elmercuriomanta.ec\/wp-content\/uploads\/2024\/10\/image-15.png\" alt=\"\" class=\"wp-image-28854\" style=\"width:271px;height:auto\" srcset=\"https:\/\/elmercuriomanta.ec\/wp-content\/uploads\/2024\/10\/image-15.png 480w, https:\/\/elmercuriomanta.ec\/wp-content\/uploads\/2024\/10\/image-15-300x169.png 300w\" sizes=\"(max-width: 480px) 100vw, 480px\" \/><\/figure>\n\n\n\n<p>La aguda\u00a0<strong>crisis el\u00e9ctrica<\/strong>\u00a0en Ecuador la\u00a0<strong>C\u00e1mara de la Peque\u00f1a y Mediana Empresa de Pichincha\u00a0<\/strong>(Capeipi) propuso al Gobierno Nacional disminuir la<a href=\"https:\/\/www.teleamazonas.com\/rios-cuenca-recuperan-caudal-fuertes-lluvias\/\"><strong>\u00a0jornada laboral<\/strong><\/a>\u00a0a cuatro d\u00edas, pero de 10 horas diarias,\u00a0para bajar el\u00a0<strong>consumo de luz<\/strong>\u00a0a nivel nacional.<\/p>\n\n\n\n<p>La propuesta que llamaron un \u00ab<strong>pico y placa el\u00e9ctrico<\/strong>\u00bb fue presentada el 25 de septiembre al presidente de la Rep\u00fablica,&nbsp;<strong>Daniel Noboa<\/strong>, y a los ministros de Gobierno y Energ\u00eda.<\/p>\n\n\n\n<p>La<strong>&nbsp;Capeipi<\/strong>&nbsp;plantea que la mitad de la poblaci\u00f3n labore de&nbsp;<strong>lunes a jueves<\/strong>, en jornadas diarias de 10 horas, desde las&nbsp;<strong>7:00 hasta las 17:00<\/strong>, para aprovechar la luz del d\u00eda.&nbsp;<\/p>\n\n\n\n<p>Por su parte, el otro&nbsp;<strong>50% de los trabajadores<\/strong>&nbsp;laborar\u00eda entre&nbsp;<strong>jueves y domingo<\/strong>, en el mismo horario, con descanso de lunes a mi\u00e9rcoles.<\/p>\n\n\n\n<p>Seg\u00fan la Capeipi, esto permitir\u00eda&nbsp;<strong>limitar&nbsp;el servicio el\u00e9ctrico<\/strong>&nbsp;en las noches para el 50% de la poblaci\u00f3n e implementar&nbsp;<strong>cortes de luz diurnos<\/strong>&nbsp;para el otro 50%.&nbsp;<\/p>\n\n\n\n<p>\u00abEsta previsibilidad hace que se reduzca el efecto de incertidumbre que actualmente se&nbsp;presenta en la poblaci\u00f3n y en particular en el sector productivo\u00bb, recalc\u00f3 la Capeipi.<\/p>\n\n\n\n<p><\/p>\n","protected":false},"excerpt":{"rendered":"<p>La aguda\u00a0crisis el\u00e9ctrica\u00a0en Ecuador la\u00a0C\u00e1mara de la Peque\u00f1a y Mediana Empresa de Pichincha\u00a0(Capeipi) propuso al Gobierno Nacional disminuir la\u00a0jornada laboral\u00a0a cuatro d\u00edas, pero de 10 horas diarias,\u00a0para bajar el\u00a0consumo de luz\u00a0a nivel nacional.<\/p>\n","protected":false},"author":1,"featured_media":28854,"comment_status":"open","ping_status":"open","sticky":false,"template":"","format":"standard","meta":{"footnotes":""},"categories":[1],"tags":[],"class_list":["post-28853","post","type-post","status-publish","format-standard","has-post-thumbnail","hentry","category-uncategorized"],"_links":{"self":[{"href":"https:\/\/elmercuriomanta.ec\/index.php\/wp-json\/wp\/v2\/posts\/28853","targetHints":{"allow":["GET"]}}],"collection":[{"href":"https:\/\/elmercuriomanta.ec\/index.php\/wp-json\/wp\/v2\/posts"}],"about":[{"href":"https:\/\/elmercuriomanta.ec\/index.php\/wp-json\/wp\/v2\/types\/post"}],"author":[{"embeddable":true,"href":"https:\/\/elmercuriomanta.ec\/index.php\/wp-json\/wp\/v2\/users\/1"}],"replies":[{"embeddable":true,"href":"https:\/\/elmercuriomanta.ec\/index.php\/wp-json\/wp\/v2\/comments?post=28853"}],"version-history":[{"count":2,"href":"https:\/\/elmercuriomanta.ec\/index.php\/wp-json\/wp\/v2\/posts\/28853\/revisions"}],"predecessor-version":[{"id":28856,"href":"https:\/\/elmercuriomanta.ec\/index.php\/wp-json\/wp\/v2\/posts\/28853\/revisions\/28856"}],"wp:featuredmedia":[{"embeddable":true,"href":"https:\/\/elmercuriomanta.ec\/index.php\/wp-json\/wp\/v2\/media\/28854"}],"wp:attachment":[{"href":"https:\/\/elmercuriomanta.ec\/index.php\/wp-json\/wp\/v2\/media?parent=28853"}],"wp:term":[{"taxonomy":"category","embeddable":true,"href":"https:\/\/elmercuriomanta.ec\/index.php\/wp-json\/wp\/v2\/categories?post=28853"},{"taxonomy":"post_tag","embeddable":true,"href":"https:\/\/elmercuriomanta.ec\/index.php\/wp-json\/wp\/v2\/tags?post=28853"}],"curies":[{"name":"wp","href":"https:\/\/api.w.org\/{rel}","templated":true}]}}