{"id":28832,"date":"2024-10-01T09:45:50","date_gmt":"2024-10-01T14:45:50","guid":{"rendered":"https:\/\/elmercuriomanta.ec\/?p=28832"},"modified":"2024-10-01T09:45:52","modified_gmt":"2024-10-01T14:45:52","slug":"el-ejercito-israeli-incursiona-en-el-sur-de-libano","status":"publish","type":"post","link":"https:\/\/elmercuriomanta.ec\/index.php\/2024\/10\/01\/el-ejercito-israeli-incursiona-en-el-sur-de-libano\/","title":{"rendered":"El ej\u00e9rcito israel\u00ed incursiona en el sur de L\u00edbano"},"content":{"rendered":"\n<figure class=\"wp-block-image aligncenter size-large is-resized\"><img fetchpriority=\"high\" decoding=\"async\" width=\"1024\" height=\"512\" src=\"https:\/\/elmercuriomanta.ec\/wp-content\/uploads\/2024\/10\/image-8-1024x512.png\" alt=\"\" class=\"wp-image-28833\" style=\"width:331px;height:auto\" srcset=\"https:\/\/elmercuriomanta.ec\/wp-content\/uploads\/2024\/10\/image-8-1024x512.png 1024w, https:\/\/elmercuriomanta.ec\/wp-content\/uploads\/2024\/10\/image-8-300x150.png 300w, https:\/\/elmercuriomanta.ec\/wp-content\/uploads\/2024\/10\/image-8-768x384.png 768w, https:\/\/elmercuriomanta.ec\/wp-content\/uploads\/2024\/10\/image-8.png 1200w\" sizes=\"(max-width: 1024px) 100vw, 1024px\" \/><\/figure>\n\n\n\n<p>El Ej\u00e9rcito israel\u00ed comenz\u00f3 la tarde de este lunes 30 de septiembre (hora de Ecuador continental) una incursi\u00f3n terrestre \u201climitada, localizada y espec\u00edfica\u201d en la frontera del sur del L\u00edbano, seg\u00fan confirm\u00f3 la fuerza armada israel\u00ed (IDF) en un comunicado.&nbsp;<\/p>\n\n\n\n<p>\u201cHace unas horas, las Fuerzas de Defensa de Israel (FDI) iniciaron incursiones terrestres limitadas, localizadas y selectivas, basadas en informaci\u00f3n precisa, contra objetivos e infraestructuras terroristas de Hizbul\u00e1 en el sur del L\u00edbano\u201d, anunciaron en un comunicado.&nbsp;<\/p>\n\n\n\n<p>Se trata de la esperada incursi\u00f3n que se desarrolla, a\u00fan sin m\u00e1s detalles, \u201cen aldeas cercanas a la frontera\u201d, que seg\u00fan las fuerzas israel\u00edes \u201crepresentan una amenaza inmediata para las comunidades israel\u00edes en el norte de Israel\u201d. Adem\u00e1s, la incursi\u00f3n terrestre est\u00e1 apoyada por la fuerza a\u00e9rea y con artiller\u00eda, que ya hab\u00eda sido lanzada al sur del L\u00edbano en horas anteriores, con \u201cataques precisos a objetivos militares de la zona\u201d.<\/p>\n\n\n\n<p>&nbsp;El Gobierno israel\u00ed ya hab\u00eda aprobado la pr\u00f3xima fase de sus \u201coperaciones\u201d b\u00e9licas en el L\u00edbano, confirm\u00f3 una fuente familiarizada con las discusiones al diario Haaretz, sin dar m\u00e1s detalles. Y la operaci\u00f3n de las fuerzas israel\u00edes responde a ese plan orquestado para el que los soldados \u201cse han preparado y han entrenado en los \u00faltimos meses\u201d.&nbsp;<\/p>\n\n\n\n<p>Hace unas cuatro horas, el Ej\u00e9rcito ya declar\u00f3 varias comunidades a escasos kil\u00f3metros de la divisoria con el L\u00edbano \u201czona militar cerrada\u201d, prohibiendo la entrada a cualquier persona en ellas, lo que podr\u00eda ser una se\u00f1al de preparativos militares en estas zonas.<\/p>\n","protected":false},"excerpt":{"rendered":"<p>El Ej\u00e9rcito israel\u00ed comenz\u00f3 la tarde de este lunes 30 de septiembre (hora de Ecuador continental) una incursi\u00f3n terrestre \u201climitada, localizada y espec\u00edfica\u201d en la frontera del sur del L\u00edbano, seg\u00fan confirm\u00f3 la fuerza armada israel\u00ed (IDF) en un comunicado.\u00a0<\/p>\n","protected":false},"author":1,"featured_media":28833,"comment_status":"open","ping_status":"open","sticky":false,"template":"","format":"standard","meta":{"footnotes":""},"categories":[8],"tags":[42],"class_list":["post-28832","post","type-post","status-publish","format-standard","has-post-thumbnail","hentry","category-internacional","tag-internacional"],"_links":{"self":[{"href":"https:\/\/elmercuriomanta.ec\/index.php\/wp-json\/wp\/v2\/posts\/28832","targetHints":{"allow":["GET"]}}],"collection":[{"href":"https:\/\/elmercuriomanta.ec\/index.php\/wp-json\/wp\/v2\/posts"}],"about":[{"href":"https:\/\/elmercuriomanta.ec\/index.php\/wp-json\/wp\/v2\/types\/post"}],"author":[{"embeddable":true,"href":"https:\/\/elmercuriomanta.ec\/index.php\/wp-json\/wp\/v2\/users\/1"}],"replies":[{"embeddable":true,"href":"https:\/\/elmercuriomanta.ec\/index.php\/wp-json\/wp\/v2\/comments?post=28832"}],"version-history":[{"count":1,"href":"https:\/\/elmercuriomanta.ec\/index.php\/wp-json\/wp\/v2\/posts\/28832\/revisions"}],"predecessor-version":[{"id":28834,"href":"https:\/\/elmercuriomanta.ec\/index.php\/wp-json\/wp\/v2\/posts\/28832\/revisions\/28834"}],"wp:featuredmedia":[{"embeddable":true,"href":"https:\/\/elmercuriomanta.ec\/index.php\/wp-json\/wp\/v2\/media\/28833"}],"wp:attachment":[{"href":"https:\/\/elmercuriomanta.ec\/index.php\/wp-json\/wp\/v2\/media?parent=28832"}],"wp:term":[{"taxonomy":"category","embeddable":true,"href":"https:\/\/elmercuriomanta.ec\/index.php\/wp-json\/wp\/v2\/categories?post=28832"},{"taxonomy":"post_tag","embeddable":true,"href":"https:\/\/elmercuriomanta.ec\/index.php\/wp-json\/wp\/v2\/tags?post=28832"}],"curies":[{"name":"wp","href":"https:\/\/api.w.org\/{rel}","templated":true}]}}