{"id":28829,"date":"2024-10-01T09:42:43","date_gmt":"2024-10-01T14:42:43","guid":{"rendered":"https:\/\/elmercuriomanta.ec\/?p=28829"},"modified":"2024-10-01T09:42:46","modified_gmt":"2024-10-01T14:42:46","slug":"cuatro-puntos-destacan-en-el-proyecto-de-ley","status":"publish","type":"post","link":"https:\/\/elmercuriomanta.ec\/index.php\/2024\/10\/01\/cuatro-puntos-destacan-en-el-proyecto-de-ley\/","title":{"rendered":"Cuatro puntos destacan en el proyecto de ley"},"content":{"rendered":"\n<figure class=\"wp-block-image aligncenter size-large is-resized\"><img fetchpriority=\"high\" decoding=\"async\" width=\"1024\" height=\"691\" src=\"https:\/\/elmercuriomanta.ec\/wp-content\/uploads\/2024\/10\/image-7-1024x691.png\" alt=\"\" class=\"wp-image-28830\" style=\"width:353px;height:auto\" srcset=\"https:\/\/elmercuriomanta.ec\/wp-content\/uploads\/2024\/10\/image-7-1024x691.png 1024w, https:\/\/elmercuriomanta.ec\/wp-content\/uploads\/2024\/10\/image-7-300x203.png 300w, https:\/\/elmercuriomanta.ec\/wp-content\/uploads\/2024\/10\/image-7-768x518.png 768w, https:\/\/elmercuriomanta.ec\/wp-content\/uploads\/2024\/10\/image-7.png 1200w\" sizes=\"(max-width: 1024px) 100vw, 1024px\" \/><\/figure>\n\n\n\n<p>El presidente Daniel Noboa anunci\u00f3 el env\u00edo de un proyecto de ley en materia econ\u00f3mica para aumentar la capacidad de generaci\u00f3n de energ\u00eda del sector privado. Lo hizo el s\u00e1bado, 28 de septiembre de 2024, a trav\u00e9s de su cuenta de X. En ese espacio, Noboa indic\u00f3 que la Asamblea Nacional estableci\u00f3 un l\u00edmite de 10 megavatios (MW) para la generaci\u00f3n de energ\u00eda de los privados.&nbsp;<\/p>\n\n\n\n<p>Sin embargo, la idea es superar ese \u201cestancamiento\u201d y aumentar el techo actual que se eleve a 100 MW. Estos son los puntos que destacan del proyecto de ley enviado por el Ejecutivo. 1.Superar la crisis energ\u00e9tica. En el documento se destaca que el objeto de la norma es \u201cpromover soluciones econ\u00f3micas y de generaci\u00f3n de energ\u00eda renovable a fin de superar la crisis energ\u00e9tica\u201d.<\/p>\n\n\n\n<p>&nbsp;Para ello es necesario incentivar la inversi\u00f3n privada en todo el territorio nacional. 2.Reformas a la Ley Org\u00e1nica del Servicio P\u00fablico de Energ\u00eda El\u00e9ctrica. -Se establecer\u00e1n incentivos para proyectos de inversi\u00f3n, entre ellos, solares, e\u00f3licos, hidr\u00e1ulicos, geot\u00e9rmicos y otras fuentes limpias. Se aplicar\u00e1n de manera autom\u00e1tica luego de la aprobaci\u00f3n del ente autorizado. -Se sustituir\u00e1 el art\u00edculo 52 que trata sobre los procesos p\u00fablicos de selecci\u00f3n.&nbsp;<\/p>\n\n\n\n<p>En este art\u00edculo se aclara que: \u201cCuando los proyectos sean identificados por la iniciativa privada y no est\u00e9n incorporados en el Plan Maestro de Electricidad (PME), \u00e9sta lo podr\u00e1 desarrollar, a su riesgo, previa expresa autorizaci\u00f3n del Ministerio de Energ\u00eda y Minas, siempre que su potencia no supere los 100 MW, caso contrario su desarrollo se sujetar\u00e1 de igual manera a un proceso p\u00fablico de selecci\u00f3n\u201d.<\/p>\n\n\n\n<p>&nbsp;Tambi\u00e9n se explica que se dar\u00e1 prioridad a proyectos que promuevan el uso de tecnolog\u00edas limpias y energ\u00edas alternativas; as\u00ed como despacho y proyectos de energ\u00eda renovable no convencional de hasta 100 MW.&nbsp;<\/p>\n\n\n\n<p>3.Planes ambientales para generaci\u00f3n t\u00e9rmica. Se deber\u00e1n presentar planes de transici\u00f3n hacia tecnolog\u00edas de menor impacto ambiental, como uso de gas natural en lugar de combustibles f\u00f3siles m\u00e1s contaminantes; sin olvidar los proyectos h\u00edbridos que combinen generaci\u00f3n t\u00e9rmica con energ\u00edas no renovables. 4.Proyectos actuales pueden solicitar ampliaci\u00f3n de potencia.&nbsp;<\/p>\n\n\n\n<p>Actualmente hay proyectos en tr\u00e1mite con l\u00edmites de 10 MW, los cuales podr\u00e1n solicitar una ampliaci\u00f3n y revisi\u00f3n de sus permisos. Lo mismo podr\u00e1n hacer aquellos que operan bajo el l\u00edmite de 10 MW.<\/p>\n","protected":false},"excerpt":{"rendered":"<p>El presidente Daniel Noboa anunci\u00f3 el env\u00edo de un proyecto de ley en materia econ\u00f3mica para aumentar la capacidad de generaci\u00f3n de energ\u00eda del sector privado. Lo hizo el s\u00e1bado, 28 de septiembre de 2024, a trav\u00e9s de su cuenta de X. En ese espacio, Noboa indic\u00f3 que la Asamblea Nacional estableci\u00f3 un l\u00edmite de 10 megavatios (MW) para la generaci\u00f3n de energ\u00eda de los privados.\u00a0<\/p>\n","protected":false},"author":1,"featured_media":28830,"comment_status":"open","ping_status":"open","sticky":false,"template":"","format":"standard","meta":{"footnotes":""},"categories":[20,83],"tags":[23],"class_list":["post-28829","post","type-post","status-publish","format-standard","has-post-thumbnail","hentry","category-portada-2","category-sucesos","tag-ecuador"],"_links":{"self":[{"href":"https:\/\/elmercuriomanta.ec\/index.php\/wp-json\/wp\/v2\/posts\/28829","targetHints":{"allow":["GET"]}}],"collection":[{"href":"https:\/\/elmercuriomanta.ec\/index.php\/wp-json\/wp\/v2\/posts"}],"about":[{"href":"https:\/\/elmercuriomanta.ec\/index.php\/wp-json\/wp\/v2\/types\/post"}],"author":[{"embeddable":true,"href":"https:\/\/elmercuriomanta.ec\/index.php\/wp-json\/wp\/v2\/users\/1"}],"replies":[{"embeddable":true,"href":"https:\/\/elmercuriomanta.ec\/index.php\/wp-json\/wp\/v2\/comments?post=28829"}],"version-history":[{"count":1,"href":"https:\/\/elmercuriomanta.ec\/index.php\/wp-json\/wp\/v2\/posts\/28829\/revisions"}],"predecessor-version":[{"id":28831,"href":"https:\/\/elmercuriomanta.ec\/index.php\/wp-json\/wp\/v2\/posts\/28829\/revisions\/28831"}],"wp:featuredmedia":[{"embeddable":true,"href":"https:\/\/elmercuriomanta.ec\/index.php\/wp-json\/wp\/v2\/media\/28830"}],"wp:attachment":[{"href":"https:\/\/elmercuriomanta.ec\/index.php\/wp-json\/wp\/v2\/media?parent=28829"}],"wp:term":[{"taxonomy":"category","embeddable":true,"href":"https:\/\/elmercuriomanta.ec\/index.php\/wp-json\/wp\/v2\/categories?post=28829"},{"taxonomy":"post_tag","embeddable":true,"href":"https:\/\/elmercuriomanta.ec\/index.php\/wp-json\/wp\/v2\/tags?post=28829"}],"curies":[{"name":"wp","href":"https:\/\/api.w.org\/{rel}","templated":true}]}}