{"id":28823,"date":"2024-10-01T09:38:00","date_gmt":"2024-10-01T14:38:00","guid":{"rendered":"https:\/\/elmercuriomanta.ec\/?p=28823"},"modified":"2024-10-01T09:38:01","modified_gmt":"2024-10-01T14:38:01","slug":"el-incumplimiento-de-los-horarios-de-apagones-ahonda-la-crisis-en-los-negocios-y-hogares-del-ecuador","status":"publish","type":"post","link":"https:\/\/elmercuriomanta.ec\/index.php\/2024\/10\/01\/el-incumplimiento-de-los-horarios-de-apagones-ahonda-la-crisis-en-los-negocios-y-hogares-del-ecuador\/","title":{"rendered":"El incumplimiento de los horarios de apagones ahonda la crisis en los negocios y hogares del Ecuador"},"content":{"rendered":"\n<figure class=\"wp-block-image aligncenter size-large is-resized\"><img fetchpriority=\"high\" decoding=\"async\" width=\"1024\" height=\"512\" src=\"https:\/\/elmercuriomanta.ec\/wp-content\/uploads\/2024\/10\/image-5-1024x512.png\" alt=\"\" class=\"wp-image-28824\" style=\"width:323px;height:auto\" srcset=\"https:\/\/elmercuriomanta.ec\/wp-content\/uploads\/2024\/10\/image-5-1024x512.png 1024w, https:\/\/elmercuriomanta.ec\/wp-content\/uploads\/2024\/10\/image-5-300x150.png 300w, https:\/\/elmercuriomanta.ec\/wp-content\/uploads\/2024\/10\/image-5-768x384.png 768w, https:\/\/elmercuriomanta.ec\/wp-content\/uploads\/2024\/10\/image-5.png 1200w\" sizes=\"(max-width: 1024px) 100vw, 1024px\" \/><\/figure>\n\n\n\n<p>Las quejas por los incumplimientos en los horarios de cortes de luz persisten hoy, lunes 30 de septiembre de 2024, desde diferentes puntos del pa\u00eds. En diferentes plataformas de redes sociales, la gente continu\u00f3 reclamando al Ministerio de Energ\u00eda y la Corporaci\u00f3n El\u00e9ctrica del Ecuador (CELEC EP) porque los cronogramas no se cumplen.&nbsp;<\/p>\n\n\n\n<p>La usuaria @Claudia03276908 pregunt\u00f3 a la Empresa El\u00e9ctrica Quito (EEQ) \u00bfPor qu\u00e9 no cumplen los horarios que ustedes mismos publican? En Tumbaco centro, la electricidad debi\u00f3 llegar a las 17:00. Son las 17:09 y no ha llegado\u201d, escribi\u00f3 como respuesta a un tuit del ministro de Energ\u00eda y Minas, Antonio Goncalves.&nbsp;<\/p>\n\n\n\n<p>\u201c\u00bfPor qu\u00e9 cortan la luz en el horario no establecido? era de 07:00 a 12:00 y cortan a las 05:00. Espero sea por lo menos hasta las 10 y no se les pase hasta las 12:00\u201d, escribi\u00f3 Mabel Cede\u00f1o. David \u00c1lvarez es un profesional especializado en dise\u00f1o multimedia. Cuenta que hoy se fue la luz una hora despu\u00e9s de lo que se planific\u00f3 en el cronograma.&nbsp;<\/p>\n\n\n\n<p>\u201cDeb\u00eda irse a las 07:00 y se fue a las 08:00. Por lo general, siempre hay un desfase de 20 minutos y me perjudica mucho en mis actividades laborales\u201d.<\/p>\n","protected":false},"excerpt":{"rendered":"<p>Las quejas por los incumplimientos en los horarios de cortes de luz persisten hoy, lunes 30 de septiembre de 2024, desde diferentes puntos del pa\u00eds. En diferentes plataformas de redes sociales, la gente continu\u00f3 reclamando al Ministerio de Energ\u00eda y la Corporaci\u00f3n El\u00e9ctrica del Ecuador (CELEC EP) porque los cronogramas no se cumplen.\u00a0<\/p>\n","protected":false},"author":1,"featured_media":28824,"comment_status":"open","ping_status":"open","sticky":false,"template":"","format":"standard","meta":{"footnotes":""},"categories":[20,83],"tags":[23],"class_list":["post-28823","post","type-post","status-publish","format-standard","has-post-thumbnail","hentry","category-portada-2","category-sucesos","tag-ecuador"],"_links":{"self":[{"href":"https:\/\/elmercuriomanta.ec\/index.php\/wp-json\/wp\/v2\/posts\/28823","targetHints":{"allow":["GET"]}}],"collection":[{"href":"https:\/\/elmercuriomanta.ec\/index.php\/wp-json\/wp\/v2\/posts"}],"about":[{"href":"https:\/\/elmercuriomanta.ec\/index.php\/wp-json\/wp\/v2\/types\/post"}],"author":[{"embeddable":true,"href":"https:\/\/elmercuriomanta.ec\/index.php\/wp-json\/wp\/v2\/users\/1"}],"replies":[{"embeddable":true,"href":"https:\/\/elmercuriomanta.ec\/index.php\/wp-json\/wp\/v2\/comments?post=28823"}],"version-history":[{"count":1,"href":"https:\/\/elmercuriomanta.ec\/index.php\/wp-json\/wp\/v2\/posts\/28823\/revisions"}],"predecessor-version":[{"id":28825,"href":"https:\/\/elmercuriomanta.ec\/index.php\/wp-json\/wp\/v2\/posts\/28823\/revisions\/28825"}],"wp:featuredmedia":[{"embeddable":true,"href":"https:\/\/elmercuriomanta.ec\/index.php\/wp-json\/wp\/v2\/media\/28824"}],"wp:attachment":[{"href":"https:\/\/elmercuriomanta.ec\/index.php\/wp-json\/wp\/v2\/media?parent=28823"}],"wp:term":[{"taxonomy":"category","embeddable":true,"href":"https:\/\/elmercuriomanta.ec\/index.php\/wp-json\/wp\/v2\/categories?post=28823"},{"taxonomy":"post_tag","embeddable":true,"href":"https:\/\/elmercuriomanta.ec\/index.php\/wp-json\/wp\/v2\/tags?post=28823"}],"curies":[{"name":"wp","href":"https:\/\/api.w.org\/{rel}","templated":true}]}}