{"id":28789,"date":"2024-09-30T15:40:10","date_gmt":"2024-09-30T20:40:10","guid":{"rendered":"https:\/\/elmercuriomanta.ec\/?p=28789"},"modified":"2024-09-30T15:41:39","modified_gmt":"2024-09-30T20:41:39","slug":"incendios-forestales-se-reportan-en-diferentes-sectores","status":"publish","type":"post","link":"https:\/\/elmercuriomanta.ec\/index.php\/2024\/09\/30\/incendios-forestales-se-reportan-en-diferentes-sectores\/","title":{"rendered":"Incendios forestales se reportan en diferentes sectores\u00a0"},"content":{"rendered":"\n<figure class=\"wp-block-image aligncenter size-large is-resized\"><img fetchpriority=\"high\" decoding=\"async\" width=\"767\" height=\"1024\" src=\"https:\/\/elmercuriomanta.ec\/wp-content\/uploads\/2024\/09\/WhatsApp-Image-2024-09-30-at-15.36.41-767x1024.jpeg\" alt=\"\" class=\"wp-image-28790\" style=\"width:431px;height:auto\" srcset=\"https:\/\/elmercuriomanta.ec\/wp-content\/uploads\/2024\/09\/WhatsApp-Image-2024-09-30-at-15.36.41-767x1024.jpeg 767w, https:\/\/elmercuriomanta.ec\/wp-content\/uploads\/2024\/09\/WhatsApp-Image-2024-09-30-at-15.36.41-225x300.jpeg 225w, https:\/\/elmercuriomanta.ec\/wp-content\/uploads\/2024\/09\/WhatsApp-Image-2024-09-30-at-15.36.41-768x1025.jpeg 768w, https:\/\/elmercuriomanta.ec\/wp-content\/uploads\/2024\/09\/WhatsApp-Image-2024-09-30-at-15.36.41.jpeg 959w\" sizes=\"(max-width: 767px) 100vw, 767px\" \/><\/figure>\n\n\n\n<p>La noche de este domingo 29 de septiembre de 2024, dos incendios forestales en simult\u00e1neo se registraron en el sector de la autopista Narcisa de Jes\u00fas, cerca del parque Samanes, y en la v\u00eda Perimetral, en la zona de Montebello, al norte de Guayaquil.&nbsp;<\/p>\n\n\n\n<p>As\u00ed lo report\u00f3 el sistema de emergencias ECU 911. A las 19:10, uno ocurri\u00f3 en la avenida del Parque, frente al parque Samanes, en donde se estaba quemando maleza. De forma paralela, decenas de personas informaron sobre lo sucedido en redes sociales. De hecho, indicaron que el fuego alcanz\u00f3 predios cercanos al Mercado Mayorista de Montebello, cerca de la v\u00eda Perimetral.&nbsp;<\/p>\n\n\n\n<p>El Cuerpo de Bomberos de Guayaquil acudi\u00f3 a los sectores en donde se dieron las emergencias. En horas de la ma\u00f1ana, otra emergencia se dio en la avenida Las Aguas, norte de la ciudad. La Empresa P\u00fablica Municipal para la Gesti\u00f3n de Riesgos y Control de Seguridad de Guayaquil inform\u00f3 que los bomberos controlaron una quema de maleza en los predios de la Universidad Guayaquil.<\/p>\n","protected":false},"excerpt":{"rendered":"<p>La noche de este domingo 29 de septiembre de 2024, dos incendios forestales en simult\u00e1neo se registraron en el sector de la autopista Narcisa de Jes\u00fas, cerca del parque Samanes, y en la v\u00eda Perimetral, en la zona de Montebello, al norte de Guayaquil.\u00a0<\/p>\n","protected":false},"author":1,"featured_media":28790,"comment_status":"open","ping_status":"open","sticky":false,"template":"","format":"standard","meta":{"footnotes":""},"categories":[20,83],"tags":[23],"class_list":["post-28789","post","type-post","status-publish","format-standard","has-post-thumbnail","hentry","category-portada-2","category-sucesos","tag-ecuador"],"_links":{"self":[{"href":"https:\/\/elmercuriomanta.ec\/index.php\/wp-json\/wp\/v2\/posts\/28789","targetHints":{"allow":["GET"]}}],"collection":[{"href":"https:\/\/elmercuriomanta.ec\/index.php\/wp-json\/wp\/v2\/posts"}],"about":[{"href":"https:\/\/elmercuriomanta.ec\/index.php\/wp-json\/wp\/v2\/types\/post"}],"author":[{"embeddable":true,"href":"https:\/\/elmercuriomanta.ec\/index.php\/wp-json\/wp\/v2\/users\/1"}],"replies":[{"embeddable":true,"href":"https:\/\/elmercuriomanta.ec\/index.php\/wp-json\/wp\/v2\/comments?post=28789"}],"version-history":[{"count":1,"href":"https:\/\/elmercuriomanta.ec\/index.php\/wp-json\/wp\/v2\/posts\/28789\/revisions"}],"predecessor-version":[{"id":28791,"href":"https:\/\/elmercuriomanta.ec\/index.php\/wp-json\/wp\/v2\/posts\/28789\/revisions\/28791"}],"wp:featuredmedia":[{"embeddable":true,"href":"https:\/\/elmercuriomanta.ec\/index.php\/wp-json\/wp\/v2\/media\/28790"}],"wp:attachment":[{"href":"https:\/\/elmercuriomanta.ec\/index.php\/wp-json\/wp\/v2\/media?parent=28789"}],"wp:term":[{"taxonomy":"category","embeddable":true,"href":"https:\/\/elmercuriomanta.ec\/index.php\/wp-json\/wp\/v2\/categories?post=28789"},{"taxonomy":"post_tag","embeddable":true,"href":"https:\/\/elmercuriomanta.ec\/index.php\/wp-json\/wp\/v2\/tags?post=28789"}],"curies":[{"name":"wp","href":"https:\/\/api.w.org\/{rel}","templated":true}]}}