{"id":28778,"date":"2024-09-30T15:01:50","date_gmt":"2024-09-30T20:01:50","guid":{"rendered":"https:\/\/elmercuriomanta.ec\/?p=28778"},"modified":"2024-09-30T15:01:52","modified_gmt":"2024-09-30T20:01:52","slug":"quien-deberia-asumir-la-vicealcalde-de-manta","status":"publish","type":"post","link":"https:\/\/elmercuriomanta.ec\/index.php\/2024\/09\/30\/quien-deberia-asumir-la-vicealcalde-de-manta\/","title":{"rendered":"\u00bfQui\u00e9n deber\u00eda asumir la vicealcalde de Manta?"},"content":{"rendered":"\n<figure class=\"wp-block-image aligncenter size-large is-resized\"><img fetchpriority=\"high\" decoding=\"async\" width=\"1024\" height=\"1024\" src=\"https:\/\/elmercuriomanta.ec\/wp-content\/uploads\/2024\/09\/Noticias-Redes-88-1024x1024.png\" alt=\"\" class=\"wp-image-28779\" style=\"width:268px;height:auto\" srcset=\"https:\/\/elmercuriomanta.ec\/wp-content\/uploads\/2024\/09\/Noticias-Redes-88-1024x1024.png 1024w, https:\/\/elmercuriomanta.ec\/wp-content\/uploads\/2024\/09\/Noticias-Redes-88-300x300.png 300w, https:\/\/elmercuriomanta.ec\/wp-content\/uploads\/2024\/09\/Noticias-Redes-88-150x150.png 150w, https:\/\/elmercuriomanta.ec\/wp-content\/uploads\/2024\/09\/Noticias-Redes-88-768x768.png 768w, https:\/\/elmercuriomanta.ec\/wp-content\/uploads\/2024\/09\/Noticias-Redes-88-1536x1536.png 1536w, https:\/\/elmercuriomanta.ec\/wp-content\/uploads\/2024\/09\/Noticias-Redes-88-2048x2048.png 2048w\" sizes=\"(max-width: 1024px) 100vw, 1024px\" \/><\/figure>\n\n\n\n<p>Tras la renuncia del concejal y vicealcalde de Manta, Diego Franco, se han identificado seis posibles candidatos para ocupar su cargo.<\/p>\n\n\n\n<p>Los nombres que destacan son: V\u00edctor P\u00e1rraga, Richard Delgado, V\u00edctor Ch\u00e1vez, Mauro Rezavala, V\u00edctor Chiriboga y Luis Guevara. Los primeros cuatro son miembros del movimiento Mejor Ciudad, mientras que los dos \u00faltimos pertenecen a la alianza Revoluci\u00f3n Ciudadana y S\u00ed Podemos.<\/p>\n\n\n\n<p>La elecci\u00f3n del nuevo vicealcalde se llevar\u00e1 a cabo durante una sesi\u00f3n de Concejo convocada por la alcaldesa, Marciana Valdivieso, y se espera que tenga lugar en esta misma semana.<\/p>\n\n\n\n<p><\/p>\n","protected":false},"excerpt":{"rendered":"<p>Tras la renuncia del concejal y vicealcalde de Manta, Diego Franco, se han identificado seis posibles candidatos para ocupar su cargo.<\/p>\n","protected":false},"author":1,"featured_media":28779,"comment_status":"open","ping_status":"open","sticky":false,"template":"","format":"standard","meta":{"footnotes":""},"categories":[21,1],"tags":[38],"class_list":["post-28778","post","type-post","status-publish","format-standard","has-post-thumbnail","hentry","category-noticia-del-dia","category-uncategorized","tag-manta"],"_links":{"self":[{"href":"https:\/\/elmercuriomanta.ec\/index.php\/wp-json\/wp\/v2\/posts\/28778","targetHints":{"allow":["GET"]}}],"collection":[{"href":"https:\/\/elmercuriomanta.ec\/index.php\/wp-json\/wp\/v2\/posts"}],"about":[{"href":"https:\/\/elmercuriomanta.ec\/index.php\/wp-json\/wp\/v2\/types\/post"}],"author":[{"embeddable":true,"href":"https:\/\/elmercuriomanta.ec\/index.php\/wp-json\/wp\/v2\/users\/1"}],"replies":[{"embeddable":true,"href":"https:\/\/elmercuriomanta.ec\/index.php\/wp-json\/wp\/v2\/comments?post=28778"}],"version-history":[{"count":2,"href":"https:\/\/elmercuriomanta.ec\/index.php\/wp-json\/wp\/v2\/posts\/28778\/revisions"}],"predecessor-version":[{"id":28781,"href":"https:\/\/elmercuriomanta.ec\/index.php\/wp-json\/wp\/v2\/posts\/28778\/revisions\/28781"}],"wp:featuredmedia":[{"embeddable":true,"href":"https:\/\/elmercuriomanta.ec\/index.php\/wp-json\/wp\/v2\/media\/28779"}],"wp:attachment":[{"href":"https:\/\/elmercuriomanta.ec\/index.php\/wp-json\/wp\/v2\/media?parent=28778"}],"wp:term":[{"taxonomy":"category","embeddable":true,"href":"https:\/\/elmercuriomanta.ec\/index.php\/wp-json\/wp\/v2\/categories?post=28778"},{"taxonomy":"post_tag","embeddable":true,"href":"https:\/\/elmercuriomanta.ec\/index.php\/wp-json\/wp\/v2\/tags?post=28778"}],"curies":[{"name":"wp","href":"https:\/\/api.w.org\/{rel}","templated":true}]}}