{"id":28764,"date":"2024-09-30T13:09:46","date_gmt":"2024-09-30T18:09:46","guid":{"rendered":"https:\/\/elmercuriomanta.ec\/?p=28764"},"modified":"2024-09-30T13:09:49","modified_gmt":"2024-09-30T18:09:49","slug":"al-menos-500-000-trabajadores-publicos-retoman-presencialidad","status":"publish","type":"post","link":"https:\/\/elmercuriomanta.ec\/index.php\/2024\/09\/30\/al-menos-500-000-trabajadores-publicos-retoman-presencialidad\/","title":{"rendered":"Al menos 500 000 trabajadores p\u00fablicos retoman presencialidad"},"content":{"rendered":"\n<figure class=\"wp-block-image aligncenter size-large is-resized\"><img fetchpriority=\"high\" decoding=\"async\" width=\"800\" height=\"600\" src=\"https:\/\/elmercuriomanta.ec\/wp-content\/uploads\/2024\/09\/image-348-edited.png\" alt=\"\" class=\"wp-image-28766\" style=\"width:290px;height:auto\" srcset=\"https:\/\/elmercuriomanta.ec\/wp-content\/uploads\/2024\/09\/image-348-edited.png 800w, https:\/\/elmercuriomanta.ec\/wp-content\/uploads\/2024\/09\/image-348-edited-300x225.png 300w, https:\/\/elmercuriomanta.ec\/wp-content\/uploads\/2024\/09\/image-348-edited-768x576.png 768w\" sizes=\"(max-width: 800px) 100vw, 800px\" \/><\/figure>\n\n\n\n<p>Son cerca de 500.000 empleados p\u00fablicos que volver\u00e1n a las actividades presenciales este lunes 29 de septiembre de 2024, pese a los extensos horarios de cortes de energ\u00eda que se mantienen esta semana. La ministra de Trabajo, Ivonne N\u00fa\u00f1ez, confirm\u00f3 a Televistazo esta decisi\u00f3n, y advirti\u00f3 que habr\u00e1 evaluaciones peri\u00f3dicas porque pueden presentarse cambios si las autoridades el\u00e9ctricas lo disponen y si se requiere mayor ahorro energ\u00e9tico.&nbsp;<\/p>\n\n\n\n<p>En ciudades como Quito y Guayaquil, que concentran el mayor n\u00famero de funcionarios, los periodos sin luz se extienden entre 8 y 13 horas diarias, lo que preocupa a las instituciones p\u00fablicas que no cuentan con plantas de energ\u00eda. Los empleados privados deber\u00e1n acogerse a las decisiones que indique cada oficina, empresa o f\u00e1brica. Sin embargo, hay incertidumbre en el sector de las peque\u00f1as y medianas empresas que no pueden autoabastecerse.<\/p>\n\n\n\n<p>&nbsp;Ponen como ejemplo esta programaci\u00f3n de cortes para 12 sectores de Quito. La luz se va desde las 07:00 hasta las 12:00 y desde las tres a las seis de la tarde. Solo tendr\u00e1n tres horas para producir y entre ellas, est\u00e1 la hora de almuerzo.<\/p>\n","protected":false},"excerpt":{"rendered":"<p>Son cerca de 500.000 empleados p\u00fablicos que volver\u00e1n a las actividades presenciales este lunes 29 de septiembre de 2024, pese a los extensos horarios de cortes de energ\u00eda que se mantienen esta semana. La ministra de Trabajo, Ivonne N\u00fa\u00f1ez, confirm\u00f3 a Televistazo esta decisi\u00f3n, y advirti\u00f3 que habr\u00e1 evaluaciones peri\u00f3dicas porque pueden presentarse cambios si las autoridades el\u00e9ctricas lo disponen y si se requiere mayor ahorro energ\u00e9tico.\u00a0<\/p>\n","protected":false},"author":1,"featured_media":28766,"comment_status":"open","ping_status":"open","sticky":false,"template":"","format":"standard","meta":{"footnotes":""},"categories":[20],"tags":[23],"class_list":["post-28764","post","type-post","status-publish","format-standard","has-post-thumbnail","hentry","category-portada-2","tag-ecuador"],"_links":{"self":[{"href":"https:\/\/elmercuriomanta.ec\/index.php\/wp-json\/wp\/v2\/posts\/28764","targetHints":{"allow":["GET"]}}],"collection":[{"href":"https:\/\/elmercuriomanta.ec\/index.php\/wp-json\/wp\/v2\/posts"}],"about":[{"href":"https:\/\/elmercuriomanta.ec\/index.php\/wp-json\/wp\/v2\/types\/post"}],"author":[{"embeddable":true,"href":"https:\/\/elmercuriomanta.ec\/index.php\/wp-json\/wp\/v2\/users\/1"}],"replies":[{"embeddable":true,"href":"https:\/\/elmercuriomanta.ec\/index.php\/wp-json\/wp\/v2\/comments?post=28764"}],"version-history":[{"count":1,"href":"https:\/\/elmercuriomanta.ec\/index.php\/wp-json\/wp\/v2\/posts\/28764\/revisions"}],"predecessor-version":[{"id":28767,"href":"https:\/\/elmercuriomanta.ec\/index.php\/wp-json\/wp\/v2\/posts\/28764\/revisions\/28767"}],"wp:featuredmedia":[{"embeddable":true,"href":"https:\/\/elmercuriomanta.ec\/index.php\/wp-json\/wp\/v2\/media\/28766"}],"wp:attachment":[{"href":"https:\/\/elmercuriomanta.ec\/index.php\/wp-json\/wp\/v2\/media?parent=28764"}],"wp:term":[{"taxonomy":"category","embeddable":true,"href":"https:\/\/elmercuriomanta.ec\/index.php\/wp-json\/wp\/v2\/categories?post=28764"},{"taxonomy":"post_tag","embeddable":true,"href":"https:\/\/elmercuriomanta.ec\/index.php\/wp-json\/wp\/v2\/tags?post=28764"}],"curies":[{"name":"wp","href":"https:\/\/api.w.org\/{rel}","templated":true}]}}