{"id":28761,"date":"2024-09-30T13:04:18","date_gmt":"2024-09-30T18:04:18","guid":{"rendered":"https:\/\/elmercuriomanta.ec\/?p=28761"},"modified":"2024-09-30T13:04:20","modified_gmt":"2024-09-30T18:04:20","slug":"los-apagones-continuaran-esta-semana-con-horarios-similares","status":"publish","type":"post","link":"https:\/\/elmercuriomanta.ec\/index.php\/2024\/09\/30\/los-apagones-continuaran-esta-semana-con-horarios-similares\/","title":{"rendered":"Los apagones continuar\u00e1n esta semana con horarios similares"},"content":{"rendered":"\n<figure class=\"wp-block-image aligncenter size-full is-resized\"><img fetchpriority=\"high\" decoding=\"async\" width=\"825\" height=\"600\" src=\"https:\/\/elmercuriomanta.ec\/wp-content\/uploads\/2024\/09\/image-347.png\" alt=\"\" class=\"wp-image-28762\" style=\"width:272px;height:auto\" srcset=\"https:\/\/elmercuriomanta.ec\/wp-content\/uploads\/2024\/09\/image-347.png 825w, https:\/\/elmercuriomanta.ec\/wp-content\/uploads\/2024\/09\/image-347-300x218.png 300w, https:\/\/elmercuriomanta.ec\/wp-content\/uploads\/2024\/09\/image-347-768x559.png 768w\" sizes=\"(max-width: 825px) 100vw, 825px\" \/><\/figure>\n\n\n\n<p>Desde el lunes 30 de septiembre hasta el domingo 6 de octubre, los apagones en Ecuador se mantendr\u00e1n con horarios similares a los de la semana pasada.&nbsp;<\/p>\n\n\n\n<p>El pasado viernes, el ministro de Energ\u00eda, Antonio Gon\u00e7alves, avanz\u00f3 que los apagones programados por racionamientos de electricidad seguir\u00edan la pr\u00f3xima semana, ya que las lluvias ca\u00eddas entre jueves y viernes no eran suficientes para revertir la crisis energ\u00e9tica que atraviesa el pa\u00eds por una grave sequ\u00eda en las zonas de sus principales centrales hidroel\u00e9ctricas.&nbsp;<\/p>\n\n\n\n<p>Por ello, indic\u00f3 que los cortes de electricidad ser\u00edan de hasta diez horas en algunas zonas y en distintos horarios, pero que en promedio rondar\u00e1n a nivel nacional las ocho horas y media cada d\u00eda. Sin embargo, ante el anuncio de reducci\u00f3n realizado este domingo, se desconoce c\u00f3mo se modificar\u00e1 el cronograma de cortes difundidos el pasado viernes para la pr\u00f3xima semana.<\/p>\n","protected":false},"excerpt":{"rendered":"<p>Desde el lunes 30 de septiembre hasta el domingo 6 de octubre, los apagones en Ecuador se mantendr\u00e1n con horarios similares a los de la semana pasada.\u00a0<\/p>\n","protected":false},"author":1,"featured_media":28762,"comment_status":"open","ping_status":"open","sticky":false,"template":"","format":"standard","meta":{"footnotes":""},"categories":[20,83],"tags":[23],"class_list":["post-28761","post","type-post","status-publish","format-standard","has-post-thumbnail","hentry","category-portada-2","category-sucesos","tag-ecuador"],"_links":{"self":[{"href":"https:\/\/elmercuriomanta.ec\/index.php\/wp-json\/wp\/v2\/posts\/28761","targetHints":{"allow":["GET"]}}],"collection":[{"href":"https:\/\/elmercuriomanta.ec\/index.php\/wp-json\/wp\/v2\/posts"}],"about":[{"href":"https:\/\/elmercuriomanta.ec\/index.php\/wp-json\/wp\/v2\/types\/post"}],"author":[{"embeddable":true,"href":"https:\/\/elmercuriomanta.ec\/index.php\/wp-json\/wp\/v2\/users\/1"}],"replies":[{"embeddable":true,"href":"https:\/\/elmercuriomanta.ec\/index.php\/wp-json\/wp\/v2\/comments?post=28761"}],"version-history":[{"count":1,"href":"https:\/\/elmercuriomanta.ec\/index.php\/wp-json\/wp\/v2\/posts\/28761\/revisions"}],"predecessor-version":[{"id":28763,"href":"https:\/\/elmercuriomanta.ec\/index.php\/wp-json\/wp\/v2\/posts\/28761\/revisions\/28763"}],"wp:featuredmedia":[{"embeddable":true,"href":"https:\/\/elmercuriomanta.ec\/index.php\/wp-json\/wp\/v2\/media\/28762"}],"wp:attachment":[{"href":"https:\/\/elmercuriomanta.ec\/index.php\/wp-json\/wp\/v2\/media?parent=28761"}],"wp:term":[{"taxonomy":"category","embeddable":true,"href":"https:\/\/elmercuriomanta.ec\/index.php\/wp-json\/wp\/v2\/categories?post=28761"},{"taxonomy":"post_tag","embeddable":true,"href":"https:\/\/elmercuriomanta.ec\/index.php\/wp-json\/wp\/v2\/tags?post=28761"}],"curies":[{"name":"wp","href":"https:\/\/api.w.org\/{rel}","templated":true}]}}