{"id":28702,"date":"2024-09-29T09:28:18","date_gmt":"2024-09-29T14:28:18","guid":{"rendered":"https:\/\/elmercuriomanta.ec\/?p=28702"},"modified":"2024-09-29T09:28:20","modified_gmt":"2024-09-29T14:28:20","slug":"con-nueva-ley-noboa-quiere-que-empresas-privadas-aumenten-la-generacion-de-energia-en-medio-de-cortes-de-luz","status":"publish","type":"post","link":"https:\/\/elmercuriomanta.ec\/index.php\/2024\/09\/29\/con-nueva-ley-noboa-quiere-que-empresas-privadas-aumenten-la-generacion-de-energia-en-medio-de-cortes-de-luz\/","title":{"rendered":"Con Nueva Ley \u00a0Noboa Quiere que Empresas Privadas Aumenten la Generaci\u00f3n de Energ\u00eda en Medio de Cortes de Luz"},"content":{"rendered":"\n<figure class=\"wp-block-image aligncenter size-large is-resized\"><img fetchpriority=\"high\" decoding=\"async\" width=\"1024\" height=\"576\" src=\"https:\/\/elmercuriomanta.ec\/wp-content\/uploads\/2024\/09\/image-336-1024x576.png\" alt=\"\" class=\"wp-image-28703\" style=\"width:417px;height:auto\" srcset=\"https:\/\/elmercuriomanta.ec\/wp-content\/uploads\/2024\/09\/image-336-1024x576.png 1024w, https:\/\/elmercuriomanta.ec\/wp-content\/uploads\/2024\/09\/image-336-300x169.png 300w, https:\/\/elmercuriomanta.ec\/wp-content\/uploads\/2024\/09\/image-336-768x432.png 768w, https:\/\/elmercuriomanta.ec\/wp-content\/uploads\/2024\/09\/image-336.png 1200w\" sizes=\"(max-width: 1024px) 100vw, 1024px\" \/><\/figure>\n\n\n\n<p>El presidente Daniel Noboa volvi\u00f3 a utilizar su red social X, el 28 de septiembre de 2024, para mostrar su posici\u00f3n sobre algunos temas que en las \u00faltimas horas han generado posiciones contrarias. En un mensaje dividido en tres partes, el Primer Mandatario anunci\u00f3 el envi\u00f3 de un proyecto de Ley Econ\u00f3mico Urgente con el que buscar\u00e1 que el sector privado genere hasta 100 megavatios (MW) de energ\u00eda. Sin dar mayores detalles, Noboa record\u00f3 que \u201cen enero presentamos la Ley de Competitividad Energ\u00e9tica y la Asamblea no vio mejor opci\u00f3n que ponerle un techo de 10 MW a la generaci\u00f3n de energ\u00eda en el sector privado\u201d.<\/p>\n\n\n\n<p>Agreg\u00f3 que \u201choy volvemos a insistir y hemos enviado un Proyecto de Ley Econ\u00f3mico Urgente que permita pasar de los 10 MW en los que nos estancaron a 100 MW\u201d. La iniciativa llega en medio de la crisis energ\u00e9tica que soporta el pa\u00eds y que ha obligado a que las autoridades implementen cortes de luz de hasta 12 horas diarias. En el mismo tema relacionado con la crisis energ\u00e9tica que afronta el pa\u00eds, Noboa re refiri\u00f3, de forma escueta, a su decisi\u00f3n de trasladar la sede de la Corporaci\u00f3n El\u00e9ctrica de Ecuador (Celec) de Cuenca a Quito. \u201cPara todos los que tratan de ubicarme como \u201ccentralista\u201d, un saludo grande a la provincia de Azuay. Nos vemos en Cuenca el 15 de noviembre en la Cumbre Iberoamericana con los jefes de Estado del continente. Una ciudad que siempre debi\u00f3 ser considerada y realzada con este tipo de eventos\u201d, dijo.<\/p>\n","protected":false},"excerpt":{"rendered":"<p>El presidente Daniel Noboa volvi\u00f3 a utilizar su red social X, el 28 de septiembre de 2024, para mostrar su posici\u00f3n sobre algunos temas que en las \u00faltimas horas han generado posiciones contrarias. En un mensaje dividido en tres partes, el Primer Mandatario anunci\u00f3 el envi\u00f3 de un proyecto de Ley Econ\u00f3mico Urgente con el que buscar\u00e1 que el sector privado genere hasta 100 megavatios (MW) de energ\u00eda. Sin dar mayores detalles, Noboa record\u00f3 que \u201cen enero presentamos la Ley de Competitividad Energ\u00e9tica y la Asamblea no vio mejor opci\u00f3n que ponerle un techo de 10 MW a la generaci\u00f3n de energ\u00eda en el sector privado\u201d.<\/p>\n<p>Agreg\u00f3 que \u201choy volvemos a insistir y hemos enviado un Proyecto de Ley Econ\u00f3mico Urgente que permita pasar de los 10 MW en los que nos estancaron a 100 MW\u201d. La iniciativa llega en medio de la crisis energ\u00e9tica que soporta el pa\u00eds y que ha obligado a que las autoridades implementen cortes de luz de hasta 12 horas diarias. En el mismo tema relacionado con la crisis energ\u00e9tica que afronta el pa\u00eds, Noboa re refiri\u00f3, de forma escueta, a su decisi\u00f3n de trasladar la sede de la Corporaci\u00f3n El\u00e9ctrica de Ecuador (Celec) de Cuenca a Quito. \u201cPara todos los que tratan de ubicarme como \u201ccentralista\u201d, un saludo grande a la provincia de Azuay. Nos vemos en Cuenca el 15 de noviembre en la Cumbre Iberoamericana con los jefes de Estado del continente. Una ciudad que siempre debi\u00f3 ser considerada y realzada con este tipo de eventos\u201d, dijo.<\/p>\n","protected":false},"author":1,"featured_media":28703,"comment_status":"open","ping_status":"open","sticky":false,"template":"","format":"standard","meta":{"footnotes":""},"categories":[19],"tags":[],"class_list":["post-28702","post","type-post","status-publish","format-standard","has-post-thumbnail","hentry","category-portada-1"],"_links":{"self":[{"href":"https:\/\/elmercuriomanta.ec\/index.php\/wp-json\/wp\/v2\/posts\/28702","targetHints":{"allow":["GET"]}}],"collection":[{"href":"https:\/\/elmercuriomanta.ec\/index.php\/wp-json\/wp\/v2\/posts"}],"about":[{"href":"https:\/\/elmercuriomanta.ec\/index.php\/wp-json\/wp\/v2\/types\/post"}],"author":[{"embeddable":true,"href":"https:\/\/elmercuriomanta.ec\/index.php\/wp-json\/wp\/v2\/users\/1"}],"replies":[{"embeddable":true,"href":"https:\/\/elmercuriomanta.ec\/index.php\/wp-json\/wp\/v2\/comments?post=28702"}],"version-history":[{"count":1,"href":"https:\/\/elmercuriomanta.ec\/index.php\/wp-json\/wp\/v2\/posts\/28702\/revisions"}],"predecessor-version":[{"id":28704,"href":"https:\/\/elmercuriomanta.ec\/index.php\/wp-json\/wp\/v2\/posts\/28702\/revisions\/28704"}],"wp:featuredmedia":[{"embeddable":true,"href":"https:\/\/elmercuriomanta.ec\/index.php\/wp-json\/wp\/v2\/media\/28703"}],"wp:attachment":[{"href":"https:\/\/elmercuriomanta.ec\/index.php\/wp-json\/wp\/v2\/media?parent=28702"}],"wp:term":[{"taxonomy":"category","embeddable":true,"href":"https:\/\/elmercuriomanta.ec\/index.php\/wp-json\/wp\/v2\/categories?post=28702"},{"taxonomy":"post_tag","embeddable":true,"href":"https:\/\/elmercuriomanta.ec\/index.php\/wp-json\/wp\/v2\/tags?post=28702"}],"curies":[{"name":"wp","href":"https:\/\/api.w.org\/{rel}","templated":true}]}}