{"id":28691,"date":"2024-09-28T16:39:08","date_gmt":"2024-09-28T21:39:08","guid":{"rendered":"https:\/\/elmercuriomanta.ec\/?p=28691"},"modified":"2024-09-28T16:39:10","modified_gmt":"2024-09-28T21:39:10","slug":"daniel-noboa-ordena-que-la-sede-de-celec-sea-trasladada-de-cuenca-a-quito","status":"publish","type":"post","link":"https:\/\/elmercuriomanta.ec\/index.php\/2024\/09\/28\/daniel-noboa-ordena-que-la-sede-de-celec-sea-trasladada-de-cuenca-a-quito\/","title":{"rendered":"Daniel Noboa Ordena que la Sede de CELEC Sea Trasladada de Cuenca a Quito"},"content":{"rendered":"\n<figure class=\"wp-block-image aligncenter size-full is-resized\"><img fetchpriority=\"high\" decoding=\"async\" width=\"600\" height=\"600\" src=\"https:\/\/elmercuriomanta.ec\/wp-content\/uploads\/2024\/09\/image-333.png\" alt=\"\" class=\"wp-image-28692\" style=\"width:404px;height:auto\" srcset=\"https:\/\/elmercuriomanta.ec\/wp-content\/uploads\/2024\/09\/image-333.png 600w, https:\/\/elmercuriomanta.ec\/wp-content\/uploads\/2024\/09\/image-333-300x300.png 300w, https:\/\/elmercuriomanta.ec\/wp-content\/uploads\/2024\/09\/image-333-150x150.png 150w\" sizes=\"(max-width: 600px) 100vw, 600px\" \/><\/figure>\n\n\n\n<p>El presidente Daniel Noboa orden\u00f3 mediante decreto ejecutivo que la sede de la Corporaci\u00f3n El\u00e9ctrica del Ecuador (Celec) se traslade desde Cuenca a Quito. La instituci\u00f3n ten\u00eda como matriz la ciudad austral desde febrero del 2010.<\/p>\n\n\n\n<p>El Ministerio de Energ\u00eda y Minas solicit\u00f3 que el control de la entidad se ejecute desde la capital para optimizar su gesti\u00f3n administrativa. La decisi\u00f3n es ejecutada en medio de la crisis energ\u00e9tica que vive el pa\u00eds, que tiene al pa\u00eds en apagones diarios de m\u00e1s de ocho horas en las ciudades principales. Celec es responsable de la transmisi\u00f3n de energ\u00eda en todo el pa\u00eds, que permite transportar la energ\u00eda desde las centrales de generaci\u00f3n hasta las empresas de distribuci\u00f3n de todo el pa\u00eds. La instituci\u00f3n tiene la misi\u00f3n de construir nuevos proyectos a lo largo del pa\u00eds, para ampliar y fortalecer la infraestructura existente.<\/p>\n","protected":false},"excerpt":{"rendered":"<p>El presidente Daniel Noboa orden\u00f3 mediante decreto ejecutivo que la sede de la Corporaci\u00f3n El\u00e9ctrica del Ecuador (Celec) se traslade desde Cuenca a Quito. La instituci\u00f3n ten\u00eda como matriz la ciudad austral desde febrero del 2010.<\/p>\n<p>El Ministerio de Energ\u00eda y Minas solicit\u00f3 que el control de la entidad se ejecute desde la capital para optimizar su gesti\u00f3n administrativa. La decisi\u00f3n es ejecutada en medio de la crisis energ\u00e9tica que vive el pa\u00eds, que tiene al pa\u00eds en apagones diarios de m\u00e1s de ocho horas en las ciudades principales. Celec es responsable de la transmisi\u00f3n de energ\u00eda en todo el pa\u00eds, que permite transportar la energ\u00eda desde las centrales de generaci\u00f3n hasta las empresas de distribuci\u00f3n de todo el pa\u00eds. La instituci\u00f3n tiene la misi\u00f3n de construir nuevos proyectos a lo largo del pa\u00eds, para ampliar y fortalecer la infraestructura existente.<\/p>\n","protected":false},"author":1,"featured_media":28692,"comment_status":"open","ping_status":"open","sticky":false,"template":"","format":"standard","meta":{"footnotes":""},"categories":[21],"tags":[23],"class_list":["post-28691","post","type-post","status-publish","format-standard","has-post-thumbnail","hentry","category-noticia-del-dia","tag-ecuador"],"_links":{"self":[{"href":"https:\/\/elmercuriomanta.ec\/index.php\/wp-json\/wp\/v2\/posts\/28691","targetHints":{"allow":["GET"]}}],"collection":[{"href":"https:\/\/elmercuriomanta.ec\/index.php\/wp-json\/wp\/v2\/posts"}],"about":[{"href":"https:\/\/elmercuriomanta.ec\/index.php\/wp-json\/wp\/v2\/types\/post"}],"author":[{"embeddable":true,"href":"https:\/\/elmercuriomanta.ec\/index.php\/wp-json\/wp\/v2\/users\/1"}],"replies":[{"embeddable":true,"href":"https:\/\/elmercuriomanta.ec\/index.php\/wp-json\/wp\/v2\/comments?post=28691"}],"version-history":[{"count":1,"href":"https:\/\/elmercuriomanta.ec\/index.php\/wp-json\/wp\/v2\/posts\/28691\/revisions"}],"predecessor-version":[{"id":28693,"href":"https:\/\/elmercuriomanta.ec\/index.php\/wp-json\/wp\/v2\/posts\/28691\/revisions\/28693"}],"wp:featuredmedia":[{"embeddable":true,"href":"https:\/\/elmercuriomanta.ec\/index.php\/wp-json\/wp\/v2\/media\/28692"}],"wp:attachment":[{"href":"https:\/\/elmercuriomanta.ec\/index.php\/wp-json\/wp\/v2\/media?parent=28691"}],"wp:term":[{"taxonomy":"category","embeddable":true,"href":"https:\/\/elmercuriomanta.ec\/index.php\/wp-json\/wp\/v2\/categories?post=28691"},{"taxonomy":"post_tag","embeddable":true,"href":"https:\/\/elmercuriomanta.ec\/index.php\/wp-json\/wp\/v2\/tags?post=28691"}],"curies":[{"name":"wp","href":"https:\/\/api.w.org\/{rel}","templated":true}]}}