{"id":28688,"date":"2024-09-28T16:29:10","date_gmt":"2024-09-28T21:29:10","guid":{"rendered":"https:\/\/elmercuriomanta.ec\/?p=28688"},"modified":"2024-09-28T16:29:47","modified_gmt":"2024-09-28T21:29:47","slug":"los-indices-de-migracion-en-ecuador-subiran","status":"publish","type":"post","link":"https:\/\/elmercuriomanta.ec\/index.php\/2024\/09\/28\/los-indices-de-migracion-en-ecuador-subiran\/","title":{"rendered":"Los \u00cdndices de Migraci\u00f3n en Ecuador Subir\u00e1n"},"content":{"rendered":"\n<figure class=\"wp-block-image aligncenter size-full is-resized\"><img fetchpriority=\"high\" decoding=\"async\" width=\"911\" height=\"690\" src=\"https:\/\/elmercuriomanta.ec\/wp-content\/uploads\/2024\/09\/image-332.png\" alt=\"\" class=\"wp-image-28689\" style=\"width:478px;height:auto\" srcset=\"https:\/\/elmercuriomanta.ec\/wp-content\/uploads\/2024\/09\/image-332.png 911w, https:\/\/elmercuriomanta.ec\/wp-content\/uploads\/2024\/09\/image-332-300x227.png 300w, https:\/\/elmercuriomanta.ec\/wp-content\/uploads\/2024\/09\/image-332-768x582.png 768w\" sizes=\"(max-width: 911px) 100vw, 911px\" \/><\/figure>\n\n\n\n<p>Ecuador contin\u00faa enfrentando una crisis migratoria, con una p\u00e9rdida proyectada de 31,000 personas en 2024, seg\u00fan datos recientes del Instituto Nacional de Estad\u00edstica y Censos (INEC). Esta cifra refleja el saldo neto de personas que emigrar\u00e1n frente a quienes ingresen al pa\u00eds, es parte de una tendencia negativa que se ha mantenido durante las \u00faltimas d\u00e9cadas, afectando la demograf\u00eda y la econom\u00eda.<\/p>\n\n\n\n<p>Saldo de migraci\u00f3n en Ecuador El saldo migratorio negativo de Ecuador no es nuevo. Desde la crisis econ\u00f3mica de la dolarizaci\u00f3n de finales de los a\u00f1os noventa, el pa\u00eds ha visto c\u00f3mo miles de ecuatorianos han salido en busca de mejores oportunidades en el extranjero. El peor a\u00f1o registrado fue el 2000, con -67,307 personas, una cifra dram\u00e1tica que reflejaba la magnitud del \u00e9xodo. Si bien en 2010 hubo una ligera recuperaci\u00f3n con un saldo positivo de 14,100, el patr\u00f3n general ha sido de m\u00e1s salidas que entradas. En 2022, el saldo fue nuevamente alarmante con -63,899 personas. Las proyecciones para 2024 sugieren que la situaci\u00f3n, aunque no tan grave como en el pasado, sigue siendo cr\u00edtica.<\/p>\n","protected":false},"excerpt":{"rendered":"<p>Ecuador contin\u00faa enfrentando una crisis migratoria, con una p\u00e9rdida proyectada de 31,000 personas en 2024, seg\u00fan datos recientes del Instituto Nacional de Estad\u00edstica y Censos (INEC). Esta cifra refleja el saldo neto de personas que emigrar\u00e1n frente a quienes ingresen al pa\u00eds, es parte de una tendencia negativa que se ha mantenido durante las \u00faltimas d\u00e9cadas, afectando la demograf\u00eda y la econom\u00eda.<\/p>\n<p>Saldo de migraci\u00f3n en Ecuador El saldo migratorio negativo de Ecuador no es nuevo. Desde la crisis econ\u00f3mica de la dolarizaci\u00f3n de finales de los a\u00f1os noventa, el pa\u00eds ha visto c\u00f3mo miles de ecuatorianos han salido en busca de mejores oportunidades en el extranjero. El peor a\u00f1o registrado fue el 2000, con -67,307 personas, una cifra dram\u00e1tica que reflejaba la magnitud del \u00e9xodo. Si bien en 2010 hubo una ligera recuperaci\u00f3n con un saldo positivo de 14,100, el patr\u00f3n general ha sido de m\u00e1s salidas que entradas. En 2022, el saldo fue nuevamente alarmante con -63,899 personas. Las proyecciones para 2024 sugieren que la situaci\u00f3n, aunque no tan grave como en el pasado, sigue siendo cr\u00edtica.<\/p>\n","protected":false},"author":1,"featured_media":28689,"comment_status":"open","ping_status":"open","sticky":false,"template":"","format":"standard","meta":{"footnotes":""},"categories":[83],"tags":[23],"class_list":["post-28688","post","type-post","status-publish","format-standard","has-post-thumbnail","hentry","category-sucesos","tag-ecuador"],"_links":{"self":[{"href":"https:\/\/elmercuriomanta.ec\/index.php\/wp-json\/wp\/v2\/posts\/28688","targetHints":{"allow":["GET"]}}],"collection":[{"href":"https:\/\/elmercuriomanta.ec\/index.php\/wp-json\/wp\/v2\/posts"}],"about":[{"href":"https:\/\/elmercuriomanta.ec\/index.php\/wp-json\/wp\/v2\/types\/post"}],"author":[{"embeddable":true,"href":"https:\/\/elmercuriomanta.ec\/index.php\/wp-json\/wp\/v2\/users\/1"}],"replies":[{"embeddable":true,"href":"https:\/\/elmercuriomanta.ec\/index.php\/wp-json\/wp\/v2\/comments?post=28688"}],"version-history":[{"count":1,"href":"https:\/\/elmercuriomanta.ec\/index.php\/wp-json\/wp\/v2\/posts\/28688\/revisions"}],"predecessor-version":[{"id":28690,"href":"https:\/\/elmercuriomanta.ec\/index.php\/wp-json\/wp\/v2\/posts\/28688\/revisions\/28690"}],"wp:featuredmedia":[{"embeddable":true,"href":"https:\/\/elmercuriomanta.ec\/index.php\/wp-json\/wp\/v2\/media\/28689"}],"wp:attachment":[{"href":"https:\/\/elmercuriomanta.ec\/index.php\/wp-json\/wp\/v2\/media?parent=28688"}],"wp:term":[{"taxonomy":"category","embeddable":true,"href":"https:\/\/elmercuriomanta.ec\/index.php\/wp-json\/wp\/v2\/categories?post=28688"},{"taxonomy":"post_tag","embeddable":true,"href":"https:\/\/elmercuriomanta.ec\/index.php\/wp-json\/wp\/v2\/tags?post=28688"}],"curies":[{"name":"wp","href":"https:\/\/api.w.org\/{rel}","templated":true}]}}