{"id":28676,"date":"2024-09-28T15:23:12","date_gmt":"2024-09-28T20:23:12","guid":{"rendered":"https:\/\/elmercuriomanta.ec\/?p=28676"},"modified":"2024-09-28T15:23:15","modified_gmt":"2024-09-28T20:23:15","slug":"planteles-fiscales-ajustan-modalidad-de-las-clases-por-los-apagones","status":"publish","type":"post","link":"https:\/\/elmercuriomanta.ec\/index.php\/2024\/09\/28\/planteles-fiscales-ajustan-modalidad-de-las-clases-por-los-apagones\/","title":{"rendered":"Planteles Fiscales Ajustan Modalidad de las Clases por los Apagones"},"content":{"rendered":"\n<figure class=\"wp-block-image aligncenter size-full is-resized\"><img fetchpriority=\"high\" decoding=\"async\" width=\"640\" height=\"393\" src=\"https:\/\/elmercuriomanta.ec\/wp-content\/uploads\/2024\/09\/image-328.png\" alt=\"\" class=\"wp-image-28677\" style=\"width:498px;height:auto\" srcset=\"https:\/\/elmercuriomanta.ec\/wp-content\/uploads\/2024\/09\/image-328.png 640w, https:\/\/elmercuriomanta.ec\/wp-content\/uploads\/2024\/09\/image-328-300x184.png 300w\" sizes=\"(max-width: 640px) 100vw, 640px\" \/><\/figure>\n\n\n\n<p>El Ministerio de Educaci\u00f3n ajust\u00f3 los horarios y modalidad de las clases para los planteles fiscales por los apagones que enfrentar\u00e1 Ecuador la semana del 30 de septiembre al 4 de octubre.<\/p>\n\n\n\n<p>\u2022 <strong>Jornada matutina:<\/strong> Las clases comenzar\u00e1n en el horario habitual, seg\u00fan lo establecido por cada instituci\u00f3n, la salida se mantiene sin cambios.<\/p>\n\n\n\n<p>\u2022 <strong>Jornada vespertina:<\/strong> El horario de ingreso se mantiene sin modificaciones, la salida se establece a las 17:00.<\/p>\n\n\n\n<p>\u2022 <strong>Jornada nocturna:<\/strong> Se mantiene la modalidad no presencial y se activan recursos acad\u00e9micos y gu\u00edas pedag\u00f3gicas que deber\u00e1n ser utilizados por los docentes y estudiantes.<\/p>\n\n\n\n<p>Es importante garantizar el acompa\u00f1amiento educativo por varias v\u00edas alternativas de comunicaci\u00f3n. Las instituciones particulares, fiscomisionales y municipales tendr\u00e1n la opci\u00f3n de adoptar esas medidas o definir sus propias disposiciones, siempre garantizando la continuidad educativa. En el caso de Quito, los estudiantes regresar\u00e1n a la presencialidad y se recomienda que usen mascarilla tras superar casi en su totalidad los incendios forestales en la capital.<\/p>\n","protected":false},"excerpt":{"rendered":"<p>El Ministerio de Educaci\u00f3n ajust\u00f3 los horarios y modalidad de las clases para los planteles fiscales por los apagones que enfrentar\u00e1 Ecuador la semana del 30 de septiembre al 4 de octubre.<\/p>\n<p>\u2022 Jornada matutina: Las clases comenzar\u00e1n en el horario habitual, seg\u00fan lo establecido por cada instituci\u00f3n, la salida se mantiene sin cambios.<\/p>\n<p>\u2022 Jornada vespertina: El horario de ingreso se mantiene sin modificaciones, la salida se establece a las 17:00.<\/p>\n<p>\u2022 Jornada nocturna: Se mantiene la modalidad no presencial y se activan recursos acad\u00e9micos y gu\u00edas pedag\u00f3gicas que deber\u00e1n ser utilizados por los docentes y estudiantes.<\/p>\n<p>Es importante garantizar el acompa\u00f1amiento educativo por varias v\u00edas alternativas de comunicaci\u00f3n. Las instituciones particulares, fiscomisionales y municipales tendr\u00e1n la opci\u00f3n de adoptar esas medidas o definir sus propias disposiciones, siempre garantizando la continuidad educativa. En el caso de Quito, los estudiantes regresar\u00e1n a la presencialidad y se recomienda que usen mascarilla tras superar casi en su totalidad los incendios forestales en la capital.<\/p>\n","protected":false},"author":1,"featured_media":28677,"comment_status":"open","ping_status":"open","sticky":false,"template":"","format":"standard","meta":{"footnotes":""},"categories":[19],"tags":[29,38],"class_list":["post-28676","post","type-post","status-publish","format-standard","has-post-thumbnail","hentry","category-portada-1","tag-manabi","tag-manta"],"_links":{"self":[{"href":"https:\/\/elmercuriomanta.ec\/index.php\/wp-json\/wp\/v2\/posts\/28676","targetHints":{"allow":["GET"]}}],"collection":[{"href":"https:\/\/elmercuriomanta.ec\/index.php\/wp-json\/wp\/v2\/posts"}],"about":[{"href":"https:\/\/elmercuriomanta.ec\/index.php\/wp-json\/wp\/v2\/types\/post"}],"author":[{"embeddable":true,"href":"https:\/\/elmercuriomanta.ec\/index.php\/wp-json\/wp\/v2\/users\/1"}],"replies":[{"embeddable":true,"href":"https:\/\/elmercuriomanta.ec\/index.php\/wp-json\/wp\/v2\/comments?post=28676"}],"version-history":[{"count":1,"href":"https:\/\/elmercuriomanta.ec\/index.php\/wp-json\/wp\/v2\/posts\/28676\/revisions"}],"predecessor-version":[{"id":28678,"href":"https:\/\/elmercuriomanta.ec\/index.php\/wp-json\/wp\/v2\/posts\/28676\/revisions\/28678"}],"wp:featuredmedia":[{"embeddable":true,"href":"https:\/\/elmercuriomanta.ec\/index.php\/wp-json\/wp\/v2\/media\/28677"}],"wp:attachment":[{"href":"https:\/\/elmercuriomanta.ec\/index.php\/wp-json\/wp\/v2\/media?parent=28676"}],"wp:term":[{"taxonomy":"category","embeddable":true,"href":"https:\/\/elmercuriomanta.ec\/index.php\/wp-json\/wp\/v2\/categories?post=28676"},{"taxonomy":"post_tag","embeddable":true,"href":"https:\/\/elmercuriomanta.ec\/index.php\/wp-json\/wp\/v2\/tags?post=28676"}],"curies":[{"name":"wp","href":"https:\/\/api.w.org\/{rel}","templated":true}]}}