{"id":28673,"date":"2024-09-28T14:47:40","date_gmt":"2024-09-28T19:47:40","guid":{"rendered":"https:\/\/elmercuriomanta.ec\/?p=28673"},"modified":"2024-09-28T14:47:44","modified_gmt":"2024-09-28T19:47:44","slug":"seis-detenidos-por-mas-de-2-000-incendios-provocados-en-el-pais","status":"publish","type":"post","link":"https:\/\/elmercuriomanta.ec\/index.php\/2024\/09\/28\/seis-detenidos-por-mas-de-2-000-incendios-provocados-en-el-pais\/","title":{"rendered":"Seis Detenidos por m\u00e1s de 2.000 Incendios Provocados en el Pa\u00eds"},"content":{"rendered":"\n<figure class=\"wp-block-image aligncenter size-large is-resized\"><img fetchpriority=\"high\" decoding=\"async\" width=\"1024\" height=\"512\" src=\"https:\/\/elmercuriomanta.ec\/wp-content\/uploads\/2024\/09\/image-327-1024x512.png\" alt=\"\" class=\"wp-image-28674\" style=\"width:511px;height:auto\" srcset=\"https:\/\/elmercuriomanta.ec\/wp-content\/uploads\/2024\/09\/image-327-1024x512.png 1024w, https:\/\/elmercuriomanta.ec\/wp-content\/uploads\/2024\/09\/image-327-300x150.png 300w, https:\/\/elmercuriomanta.ec\/wp-content\/uploads\/2024\/09\/image-327-768x384.png 768w, https:\/\/elmercuriomanta.ec\/wp-content\/uploads\/2024\/09\/image-327.png 1200w\" sizes=\"(max-width: 1024px) 100vw, 1024px\" \/><\/figure>\n\n\n\n<p>La falta de denuncias, de testigos y pruebas complica las investigaciones para identificar y procesar a los responsables de los incendios forestales. Las estad\u00edsticas respaldan esta tesis. Desde enero hasta el 11 de septiembre pasado, seg\u00fan la Secretar\u00eda de Gesti\u00f3n de Riesgos, 2 073 incendios forestales arrasaron 30 mil hect\u00e1reas en el pa\u00eds, pero no hay sentenciados. Los bomberos indican que los incendios se inician, especialmente, en zonas despobladas, sin videovigilancia. Esto facilita que los causantes huyan antes de que lleguen las autoridades y cuando el incendio ya es de magnitud. Las llamas destruyen igualmente evidencias y es imposible encontrar huellas en los materiales que usaron los pir\u00f3manos.<\/p>\n\n\n\n<p>Por eso, en el \u00faltimo incendio en Guayaquil, en el parque Samanes, que consumi\u00f3 este jueves 18 hect\u00e1reas de terreno y veh\u00edculos en un estacionamiento de Inmobiliar, se dio la orden de que se extingan las llamas y se preserven elementos susceptibles de servir en caso de juicio. Tampoco aqu\u00ed hay procesados, as\u00ed lo indica Polo Ter\u00e1n, subjefe del Cuerpo de Bomberos de Guayaquil: \u201cEn este tipo de incidentes nosotros metemos maquinarias para remover tierra y la misma tierra, usarla como una agente extintor\u201d.<\/p>\n\n\n\n<p>S\u00ed, hay seis detenidos este a\u00f1o capturados tras los \u00faltimos incendios. Cuatro en Quito, uno en Cuenca y otro en Guayaquil. En la capital, los cuatro procesados est\u00e1n con prisi\u00f3n preventiva y son acusados de iniciar incendios en El Panecillo, el puente del r\u00edo Chiche, Gu\u00e1pulo y sobre la avenida Eloy Alfaro. El Municipio interpuso denuncias e indica que tiene pruebas para lograr sentencias que van de uno a tres a\u00f1os de prisi\u00f3n, m\u00e1s reparaciones econ\u00f3micas a la ciudad.<\/p>\n","protected":false},"excerpt":{"rendered":"<p>La falta de denuncias, de testigos y pruebas complica las investigaciones para identificar y procesar a los responsables de los incendios forestales. Las estad\u00edsticas respaldan esta tesis. Desde enero hasta el 11 de septiembre pasado, seg\u00fan la Secretar\u00eda de Gesti\u00f3n de Riesgos, 2 073 incendios forestales arrasaron 30 mil hect\u00e1reas en el pa\u00eds, pero no hay sentenciados. Los bomberos indican que los incendios se inician, especialmente, en zonas despobladas, sin videovigilancia. Esto facilita que los causantes huyan antes de que lleguen las autoridades y cuando el incendio ya es de magnitud. Las llamas destruyen igualmente evidencias y es imposible encontrar huellas en los materiales que usaron los pir\u00f3manos.<\/p>\n<p>Por eso, en el \u00faltimo incendio en Guayaquil, en el parque Samanes, que consumi\u00f3 este jueves 18 hect\u00e1reas de terreno y veh\u00edculos en un estacionamiento de Inmobiliar, se dio la orden de que se extingan las llamas y se preserven elementos susceptibles de servir en caso de juicio. Tampoco aqu\u00ed hay procesados, as\u00ed lo indica Polo Ter\u00e1n, subjefe del Cuerpo de Bomberos de Guayaquil: \u201cEn este tipo de incidentes nosotros metemos maquinarias para remover tierra y la misma tierra, usarla como una agente extintor\u201d.<\/p>\n<p>S\u00ed, hay seis detenidos este a\u00f1o capturados tras los \u00faltimos incendios. Cuatro en Quito, uno en Cuenca y otro en Guayaquil. En la capital, los cuatro procesados est\u00e1n con prisi\u00f3n preventiva y son acusados de iniciar incendios en El Panecillo, el puente del r\u00edo Chiche, Gu\u00e1pulo y sobre la avenida Eloy Alfaro. El Municipio interpuso denuncias e indica que tiene pruebas para lograr sentencias que van de uno a tres a\u00f1os de prisi\u00f3n, m\u00e1s reparaciones econ\u00f3micas a la ciudad.<\/p>\n","protected":false},"author":1,"featured_media":28674,"comment_status":"open","ping_status":"open","sticky":false,"template":"","format":"standard","meta":{"footnotes":""},"categories":[20],"tags":[],"class_list":["post-28673","post","type-post","status-publish","format-standard","has-post-thumbnail","hentry","category-portada-2"],"_links":{"self":[{"href":"https:\/\/elmercuriomanta.ec\/index.php\/wp-json\/wp\/v2\/posts\/28673","targetHints":{"allow":["GET"]}}],"collection":[{"href":"https:\/\/elmercuriomanta.ec\/index.php\/wp-json\/wp\/v2\/posts"}],"about":[{"href":"https:\/\/elmercuriomanta.ec\/index.php\/wp-json\/wp\/v2\/types\/post"}],"author":[{"embeddable":true,"href":"https:\/\/elmercuriomanta.ec\/index.php\/wp-json\/wp\/v2\/users\/1"}],"replies":[{"embeddable":true,"href":"https:\/\/elmercuriomanta.ec\/index.php\/wp-json\/wp\/v2\/comments?post=28673"}],"version-history":[{"count":1,"href":"https:\/\/elmercuriomanta.ec\/index.php\/wp-json\/wp\/v2\/posts\/28673\/revisions"}],"predecessor-version":[{"id":28675,"href":"https:\/\/elmercuriomanta.ec\/index.php\/wp-json\/wp\/v2\/posts\/28673\/revisions\/28675"}],"wp:featuredmedia":[{"embeddable":true,"href":"https:\/\/elmercuriomanta.ec\/index.php\/wp-json\/wp\/v2\/media\/28674"}],"wp:attachment":[{"href":"https:\/\/elmercuriomanta.ec\/index.php\/wp-json\/wp\/v2\/media?parent=28673"}],"wp:term":[{"taxonomy":"category","embeddable":true,"href":"https:\/\/elmercuriomanta.ec\/index.php\/wp-json\/wp\/v2\/categories?post=28673"},{"taxonomy":"post_tag","embeddable":true,"href":"https:\/\/elmercuriomanta.ec\/index.php\/wp-json\/wp\/v2\/tags?post=28673"}],"curies":[{"name":"wp","href":"https:\/\/api.w.org\/{rel}","templated":true}]}}