{"id":28638,"date":"2024-09-27T15:46:40","date_gmt":"2024-09-27T20:46:40","guid":{"rendered":"https:\/\/elmercuriomanta.ec\/?p=28638"},"modified":"2024-09-27T16:00:30","modified_gmt":"2024-09-27T21:00:30","slug":"manta-tendra-cortes-de-energia-de-10-horas-diarias","status":"publish","type":"post","link":"https:\/\/elmercuriomanta.ec\/index.php\/2024\/09\/27\/manta-tendra-cortes-de-energia-de-10-horas-diarias\/","title":{"rendered":"\u00a1Manta tendr\u00e1 cortes de energ\u00eda de 10 horas diarias!"},"content":{"rendered":"\n<figure class=\"wp-block-image aligncenter size-large is-resized\"><img fetchpriority=\"high\" decoding=\"async\" width=\"1024\" height=\"853\" src=\"https:\/\/elmercuriomanta.ec\/wp-content\/uploads\/2024\/09\/WhatsApp-Image-2024-09-27-at-15.49.00-1-1024x853.jpeg\" alt=\"\" class=\"wp-image-28646\" style=\"width:288px;height:auto\" srcset=\"https:\/\/elmercuriomanta.ec\/wp-content\/uploads\/2024\/09\/WhatsApp-Image-2024-09-27-at-15.49.00-1-1024x853.jpeg 1024w, https:\/\/elmercuriomanta.ec\/wp-content\/uploads\/2024\/09\/WhatsApp-Image-2024-09-27-at-15.49.00-1-300x250.jpeg 300w, https:\/\/elmercuriomanta.ec\/wp-content\/uploads\/2024\/09\/WhatsApp-Image-2024-09-27-at-15.49.00-1-768x640.jpeg 768w, https:\/\/elmercuriomanta.ec\/wp-content\/uploads\/2024\/09\/WhatsApp-Image-2024-09-27-at-15.49.00-1.jpeg 1170w\" sizes=\"(max-width: 1024px) 100vw, 1024px\" \/><\/figure>\n\n\n\n<p>En Ecuador se est\u00e1n llevando a cabo cortes de energ\u00eda programados a nivel nacional debido a una severa crisis energ\u00e9tica causada por una de las peores sequ\u00edas en 60 a\u00f1os. Estos apagones, que comenzaron en septiembre de este a\u00f1o, est\u00e1n afectando tanto a la poblaci\u00f3n como a diversos sectores productivos.<\/p>\n\n\n\n<div data-wp-interactive=\"core\/file\" class=\"wp-block-file\"><object data-wp-bind--hidden=\"!state.hasPdfPreview\" hidden class=\"wp-block-file__embed\" data=\"https:\/\/elmercuriomanta.ec\/wp-content\/uploads\/2024\/09\/CNEL-MANABI-30-SEPT-06-OCT.pdf\" type=\"application\/pdf\" style=\"width:100%;height:600px\" aria-label=\"Incrustado de CNEL MANABI\u0301 30 SEPT - 06 OCT.\"><\/object><a id=\"wp-block-file--media-0421d44d-e3ba-44b8-a91b-f9a3af865800\" href=\"https:\/\/elmercuriomanta.ec\/wp-content\/uploads\/2024\/09\/CNEL-MANABI-30-SEPT-06-OCT.pdf\">CNEL MANABI\u0301 30 SEPT &#8211; 06 OCT<\/a><a href=\"https:\/\/elmercuriomanta.ec\/wp-content\/uploads\/2024\/09\/CNEL-MANABI-30-SEPT-06-OCT.pdf\" class=\"wp-block-file__button wp-element-button\" download aria-describedby=\"wp-block-file--media-0421d44d-e3ba-44b8-a91b-f9a3af865800\">Descarga<\/a><\/div>\n\n\n\n<p> Las autoridades han implementado esta medida para preservar las reservas de agua en las hidroel\u00e9ctricas, que son la principal fuente de generaci\u00f3n el\u00e9ctrica en el pa\u00eds. <\/p>\n\n\n\n<p>La poblaci\u00f3n de la ciudad expresa su frustraci\u00f3n y molestia ante los prolongados cortes de energ\u00eda, que no solo interrumpen sus actividades cotidianas, sino que tambi\u00e9n afectan gravemente el comercio y la industria local. Aunque el Gobierno ha tomado acciones como el uso de barcos generadores y generadores permanentes de tierra, los apagones contin\u00faan afectando a las empresas y al comercio, generando p\u00e9rdidas econ\u00f3micas importantes.<\/p>\n\n\n\n<p>El Gobierno tambi\u00e9n ha implementado medidas como el teletrabajo para algunos sectores p\u00fablicos en un esfuerzo por mitigar el impacto de estos cortes en las actividades laborales.<\/p>\n\n\n\n<p><\/p>\n","protected":false},"excerpt":{"rendered":"<p>En Ecuador se est\u00e1n llevando a cabo cortes de energ\u00eda programados a nivel nacional debido a una severa crisis energ\u00e9tica causada por una de las peores sequ\u00edas en 60 a\u00f1os. Estos apagones, que comenzaron en septiembre de este a\u00f1o, est\u00e1n afectando tanto a la poblaci\u00f3n como a diversos sectores productivos.<\/p>\n","protected":false},"author":1,"featured_media":28646,"comment_status":"open","ping_status":"open","sticky":false,"template":"","format":"standard","meta":{"footnotes":""},"categories":[20,83],"tags":[38],"class_list":["post-28638","post","type-post","status-publish","format-standard","has-post-thumbnail","hentry","category-portada-2","category-sucesos","tag-manta"],"_links":{"self":[{"href":"https:\/\/elmercuriomanta.ec\/index.php\/wp-json\/wp\/v2\/posts\/28638","targetHints":{"allow":["GET"]}}],"collection":[{"href":"https:\/\/elmercuriomanta.ec\/index.php\/wp-json\/wp\/v2\/posts"}],"about":[{"href":"https:\/\/elmercuriomanta.ec\/index.php\/wp-json\/wp\/v2\/types\/post"}],"author":[{"embeddable":true,"href":"https:\/\/elmercuriomanta.ec\/index.php\/wp-json\/wp\/v2\/users\/1"}],"replies":[{"embeddable":true,"href":"https:\/\/elmercuriomanta.ec\/index.php\/wp-json\/wp\/v2\/comments?post=28638"}],"version-history":[{"count":3,"href":"https:\/\/elmercuriomanta.ec\/index.php\/wp-json\/wp\/v2\/posts\/28638\/revisions"}],"predecessor-version":[{"id":28647,"href":"https:\/\/elmercuriomanta.ec\/index.php\/wp-json\/wp\/v2\/posts\/28638\/revisions\/28647"}],"wp:featuredmedia":[{"embeddable":true,"href":"https:\/\/elmercuriomanta.ec\/index.php\/wp-json\/wp\/v2\/media\/28646"}],"wp:attachment":[{"href":"https:\/\/elmercuriomanta.ec\/index.php\/wp-json\/wp\/v2\/media?parent=28638"}],"wp:term":[{"taxonomy":"category","embeddable":true,"href":"https:\/\/elmercuriomanta.ec\/index.php\/wp-json\/wp\/v2\/categories?post=28638"},{"taxonomy":"post_tag","embeddable":true,"href":"https:\/\/elmercuriomanta.ec\/index.php\/wp-json\/wp\/v2\/tags?post=28638"}],"curies":[{"name":"wp","href":"https:\/\/api.w.org\/{rel}","templated":true}]}}