{"id":28602,"date":"2024-09-26T17:20:00","date_gmt":"2024-09-26T22:20:00","guid":{"rendered":"https:\/\/elmercuriomanta.ec\/?p=28602"},"modified":"2024-09-26T17:20:02","modified_gmt":"2024-09-26T22:20:02","slug":"regresan-las-lluvias-a-quito-y-otras-zonas-de-ecuador","status":"publish","type":"post","link":"https:\/\/elmercuriomanta.ec\/index.php\/2024\/09\/26\/regresan-las-lluvias-a-quito-y-otras-zonas-de-ecuador\/","title":{"rendered":"Regresan las lluvias a Quito y otras zonas de Ecuador"},"content":{"rendered":"\n<figure class=\"wp-block-image aligncenter size-full is-resized\"><img fetchpriority=\"high\" decoding=\"async\" width=\"640\" height=\"360\" src=\"https:\/\/elmercuriomanta.ec\/wp-content\/uploads\/2024\/09\/image-319.png\" alt=\"\" class=\"wp-image-28603\" style=\"width:257px;height:auto\" srcset=\"https:\/\/elmercuriomanta.ec\/wp-content\/uploads\/2024\/09\/image-319.png 640w, https:\/\/elmercuriomanta.ec\/wp-content\/uploads\/2024\/09\/image-319-300x169.png 300w\" sizes=\"(max-width: 640px) 100vw, 640px\" \/><\/figure>\n\n\n\n<p>Este jueves, las lluvias regresaron luego de tres meses de una \u00e9poca seca que ha provocado en incendios forestales, racionamientos de agua potable y energ\u00eda el\u00e9ctrica. <\/p>\n\n\n\n<p>En Quito, se report\u00f3 un fuerte aguacero, acompa\u00f1ado de granizo, en el sector del Valle de los Chillos y en el sur de la capital, cuando la ciudad enfrentaba un d\u00e9ficit h\u00eddrico desde junio de 2024.<\/p>\n\n\n\n<p>El Instituto Nacional de Meteorolog\u00eda e Hidrolog\u00eda (Inamhi) report\u00f3 que esta tarde se presentaron las primeras lluvias de variada intensidad acompa\u00f1adas de tormentas el\u00e9ctricas en la estribaci\u00f3n de cordillera de la Amazon\u00eda y en algunas zonas del norte de la Sierra.<\/p>\n\n\n\n<p>Las lluvias se registraron en las provincias amaz\u00f3nicas de Napo, Zamora Chinchipe y Orellana, as\u00ed como en los l\u00edmites de Chimborazo y Tungurahua (Sierra) con la regi\u00f3n oriental.<br><\/p>\n\n\n\n<p>En el Troje, El Conde, Atahualpa y Guajal\u00f3 se presentaron lluvias leves, luego de varios d\u00edas con alta radiaci\u00f3n solar.\u00a0<\/p>\n\n\n\n<p>Las lluvias llegaron en momentos que los bomberos llevan tres d\u00edas combatiendo un incendio forestal que inici\u00f3 en el sector de Gu\u00e1pulo y persiste en el Cerro Auqui, en el nororiente de la capital.<br><\/p>\n\n\n\n<p><\/p>\n","protected":false},"excerpt":{"rendered":"<p>Este jueves, las lluvias regresaron luego de tres meses de una \u00e9poca seca que ha provocado en incendios forestales, racionamientos de agua potable y energ\u00eda el\u00e9ctrica. <\/p>\n","protected":false},"author":1,"featured_media":28603,"comment_status":"open","ping_status":"open","sticky":false,"template":"","format":"standard","meta":{"footnotes":""},"categories":[19],"tags":[23],"class_list":["post-28602","post","type-post","status-publish","format-standard","has-post-thumbnail","hentry","category-portada-1","tag-ecuador"],"_links":{"self":[{"href":"https:\/\/elmercuriomanta.ec\/index.php\/wp-json\/wp\/v2\/posts\/28602","targetHints":{"allow":["GET"]}}],"collection":[{"href":"https:\/\/elmercuriomanta.ec\/index.php\/wp-json\/wp\/v2\/posts"}],"about":[{"href":"https:\/\/elmercuriomanta.ec\/index.php\/wp-json\/wp\/v2\/types\/post"}],"author":[{"embeddable":true,"href":"https:\/\/elmercuriomanta.ec\/index.php\/wp-json\/wp\/v2\/users\/1"}],"replies":[{"embeddable":true,"href":"https:\/\/elmercuriomanta.ec\/index.php\/wp-json\/wp\/v2\/comments?post=28602"}],"version-history":[{"count":1,"href":"https:\/\/elmercuriomanta.ec\/index.php\/wp-json\/wp\/v2\/posts\/28602\/revisions"}],"predecessor-version":[{"id":28604,"href":"https:\/\/elmercuriomanta.ec\/index.php\/wp-json\/wp\/v2\/posts\/28602\/revisions\/28604"}],"wp:featuredmedia":[{"embeddable":true,"href":"https:\/\/elmercuriomanta.ec\/index.php\/wp-json\/wp\/v2\/media\/28603"}],"wp:attachment":[{"href":"https:\/\/elmercuriomanta.ec\/index.php\/wp-json\/wp\/v2\/media?parent=28602"}],"wp:term":[{"taxonomy":"category","embeddable":true,"href":"https:\/\/elmercuriomanta.ec\/index.php\/wp-json\/wp\/v2\/categories?post=28602"},{"taxonomy":"post_tag","embeddable":true,"href":"https:\/\/elmercuriomanta.ec\/index.php\/wp-json\/wp\/v2\/tags?post=28602"}],"curies":[{"name":"wp","href":"https:\/\/api.w.org\/{rel}","templated":true}]}}