{"id":28594,"date":"2024-09-26T16:08:26","date_gmt":"2024-09-26T21:08:26","guid":{"rendered":"https:\/\/elmercuriomanta.ec\/?p=28594"},"modified":"2024-09-26T16:08:35","modified_gmt":"2024-09-26T21:08:35","slug":"decomisan-siete-sacos-con-cocaina-en-altamar-en-manta","status":"publish","type":"post","link":"https:\/\/elmercuriomanta.ec\/index.php\/2024\/09\/26\/decomisan-siete-sacos-con-cocaina-en-altamar-en-manta\/","title":{"rendered":"Decomisan siete sacos con coca\u00edna en altamar en Manta"},"content":{"rendered":"\n<figure class=\"wp-block-image aligncenter size-full is-resized\"><img fetchpriority=\"high\" decoding=\"async\" width=\"480\" height=\"270\" src=\"https:\/\/elmercuriomanta.ec\/wp-content\/uploads\/2024\/09\/image-317.png\" alt=\"\" class=\"wp-image-28595\" style=\"width:287px;height:auto\" srcset=\"https:\/\/elmercuriomanta.ec\/wp-content\/uploads\/2024\/09\/image-317.png 480w, https:\/\/elmercuriomanta.ec\/wp-content\/uploads\/2024\/09\/image-317-300x169.png 300w\" sizes=\"(max-width: 480px) 100vw, 480px\" \/><\/figure>\n\n\n\n<p>A 22 millas n\u00e1uticas de la costa de Manta, la Armada del Ecuador captur\u00f3 a dos personas que iban en una lancha con coca\u00edna. Los sospechosos son ecuatorianos y ten\u00edan la droga oculta en siete sacos de yute, seg\u00fan inform\u00f3 la entidad en su cuenta de X.&nbsp;<\/p>\n\n\n\n<p>El operativo mar\u00edtimo se realiz\u00f3 con apoyo de la Guardia Costera de Estados Unidos, que entreg\u00f3 la informaci\u00f3n a la Armada y a la Polic\u00eda Nacional de Ecuador, para que interceptaran la embarcaci\u00f3n el martes 24 de septiembre de 2024. Al revisar el bote, encontraron los bloques de coca\u00edna.<\/p>\n\n\n\n<p>&nbsp;La polic\u00eda se\u00f1al\u00f3 que la gesti\u00f3n investigativa se realiz\u00f3 tambi\u00e9n con el apoyo del Bloque de Seguridad. De enero a septiembre, se han decomisado m\u00e1s de 204 toneladas de coca\u00edna, de las cuales 191 toneladas estaban destinadas al tr\u00e1fico internacional. Por su parte, la Armada indic\u00f3 que los sospechosos y la droga incautada iban a ser trasladadas a Manta, en la provincia de Manab\u00ed, aunque no han informado la cantidad de sustancia il\u00edcita decomisada.<\/p>\n","protected":false},"excerpt":{"rendered":"<p>A 22 millas n\u00e1uticas de la costa de Manta, la Armada del Ecuador captur\u00f3 a dos personas que iban en una lancha con coca\u00edna. Los sospechosos son ecuatorianos y ten\u00edan la droga oculta en siete sacos de yute, seg\u00fan inform\u00f3 la entidad en su cuenta de X.\u00a0<\/p>\n","protected":false},"author":1,"featured_media":28595,"comment_status":"open","ping_status":"open","sticky":false,"template":"","format":"standard","meta":{"footnotes":""},"categories":[16,1],"tags":[91],"class_list":["post-28594","post","type-post","status-publish","format-standard","has-post-thumbnail","hentry","category-cronica","category-uncategorized","tag-cronica"],"_links":{"self":[{"href":"https:\/\/elmercuriomanta.ec\/index.php\/wp-json\/wp\/v2\/posts\/28594","targetHints":{"allow":["GET"]}}],"collection":[{"href":"https:\/\/elmercuriomanta.ec\/index.php\/wp-json\/wp\/v2\/posts"}],"about":[{"href":"https:\/\/elmercuriomanta.ec\/index.php\/wp-json\/wp\/v2\/types\/post"}],"author":[{"embeddable":true,"href":"https:\/\/elmercuriomanta.ec\/index.php\/wp-json\/wp\/v2\/users\/1"}],"replies":[{"embeddable":true,"href":"https:\/\/elmercuriomanta.ec\/index.php\/wp-json\/wp\/v2\/comments?post=28594"}],"version-history":[{"count":2,"href":"https:\/\/elmercuriomanta.ec\/index.php\/wp-json\/wp\/v2\/posts\/28594\/revisions"}],"predecessor-version":[{"id":28597,"href":"https:\/\/elmercuriomanta.ec\/index.php\/wp-json\/wp\/v2\/posts\/28594\/revisions\/28597"}],"wp:featuredmedia":[{"embeddable":true,"href":"https:\/\/elmercuriomanta.ec\/index.php\/wp-json\/wp\/v2\/media\/28595"}],"wp:attachment":[{"href":"https:\/\/elmercuriomanta.ec\/index.php\/wp-json\/wp\/v2\/media?parent=28594"}],"wp:term":[{"taxonomy":"category","embeddable":true,"href":"https:\/\/elmercuriomanta.ec\/index.php\/wp-json\/wp\/v2\/categories?post=28594"},{"taxonomy":"post_tag","embeddable":true,"href":"https:\/\/elmercuriomanta.ec\/index.php\/wp-json\/wp\/v2\/tags?post=28594"}],"curies":[{"name":"wp","href":"https:\/\/api.w.org\/{rel}","templated":true}]}}