{"id":28572,"date":"2024-09-26T10:50:03","date_gmt":"2024-09-26T15:50:03","guid":{"rendered":"https:\/\/elmercuriomanta.ec\/?p=28572"},"modified":"2024-09-26T10:50:05","modified_gmt":"2024-09-26T15:50:05","slug":"se-mantiene-el-teletrabajo-en-el-sector-publico-el-26-y-27-de-septiembre","status":"publish","type":"post","link":"https:\/\/elmercuriomanta.ec\/index.php\/2024\/09\/26\/se-mantiene-el-teletrabajo-en-el-sector-publico-el-26-y-27-de-septiembre\/","title":{"rendered":"Se mantiene el teletrabajo en el sector p\u00fablico el 26 y 27 de septiembre"},"content":{"rendered":"\n<figure class=\"wp-block-image aligncenter size-full is-resized\"><img fetchpriority=\"high\" decoding=\"async\" width=\"440\" height=\"279\" src=\"https:\/\/elmercuriomanta.ec\/wp-content\/uploads\/2024\/09\/image-313.png\" alt=\"\" class=\"wp-image-28573\" style=\"width:338px;height:auto\" srcset=\"https:\/\/elmercuriomanta.ec\/wp-content\/uploads\/2024\/09\/image-313.png 440w, https:\/\/elmercuriomanta.ec\/wp-content\/uploads\/2024\/09\/image-313-300x190.png 300w\" sizes=\"(max-width: 440px) 100vw, 440px\" \/><\/figure>\n\n\n\n<p>El Ministerio del Trabajo inform\u00f3 que se mantiene la modalidad de teletrabajo para el sector p\u00fablico a nivel nacional el jueves 26 y viernes 27 de septiembre de 2024, en cumplimiento con la disposici\u00f3n de la Presidencia de la Rep\u00fablica emitida el pasado 17 de septiembre.&nbsp;<\/p>\n\n\n\n<p>Esta medida tiene como objetivo contribuir al manejo responsable del sistema el\u00e9ctrico del pa\u00eds. Esta decisi\u00f3n sigue a la disposici\u00f3n del Ministerio de Trabajo anunciada el 24 de septiembre, que implement\u00f3 el teletrabajo para el sector p\u00fablico en Quito a partir del mi\u00e9rcoles 25 de septiembre, en respuesta a la emergencia causada por los incendios forestales y la mala calidad del aire.&nbsp;<\/p>\n\n\n\n<p>El sector privado acatar\u00e1 con criterio discrecional lo dispuesto por la Presidencia de la Rep\u00fablica del Ecuador, respetando los derechos laborales y procurando mantener las actividades que, por su naturaleza y necesidad social, no pueden paralizarse o suspenderse, se\u00f1al\u00f3 la cartera de Estado. Las entidades p\u00fablicas responsables de servicios esenciales, como salud, seguridad y transporte, garantizaron la continuidad de sus operaciones durante esta crisis.&nbsp;<\/p>\n\n\n\n<p>Adem\u00e1s, la atenci\u00f3n a emergencias y riesgos se mantuvo sin interrupciones, aunque cada instituci\u00f3n decidi\u00f3 si se acog\u00eda a la medida seg\u00fan sus funciones. En caso de que ciertos puestos no fueran susceptibles de teletrabajo, la Unidad de Administraci\u00f3n del Talento Humano (UATH) se encarg\u00f3 de planificar la recuperaci\u00f3n de esas jornadas. El Comit\u00e9 de Operaciones de Emergencia (COE) Nacional dej\u00f3 a criterio del sector privado la decisi\u00f3n de aplicar la medida, con el compromiso de respetar los derechos laborales y asegurar la continuidad de las actividades esenciales.<\/p>\n","protected":false},"excerpt":{"rendered":"<p>El Ministerio del Trabajo inform\u00f3 que se mantiene la modalidad de teletrabajo para el sector p\u00fablico a nivel nacional el jueves 26 y viernes 27 de septiembre de 2024, en cumplimiento con la disposici\u00f3n de la Presidencia de la Rep\u00fablica emitida el pasado 17 de septiembre.\u00a0<\/p>\n","protected":false},"author":1,"featured_media":28573,"comment_status":"open","ping_status":"open","sticky":false,"template":"","format":"standard","meta":{"footnotes":""},"categories":[21],"tags":[23],"class_list":["post-28572","post","type-post","status-publish","format-standard","has-post-thumbnail","hentry","category-noticia-del-dia","tag-ecuador"],"_links":{"self":[{"href":"https:\/\/elmercuriomanta.ec\/index.php\/wp-json\/wp\/v2\/posts\/28572","targetHints":{"allow":["GET"]}}],"collection":[{"href":"https:\/\/elmercuriomanta.ec\/index.php\/wp-json\/wp\/v2\/posts"}],"about":[{"href":"https:\/\/elmercuriomanta.ec\/index.php\/wp-json\/wp\/v2\/types\/post"}],"author":[{"embeddable":true,"href":"https:\/\/elmercuriomanta.ec\/index.php\/wp-json\/wp\/v2\/users\/1"}],"replies":[{"embeddable":true,"href":"https:\/\/elmercuriomanta.ec\/index.php\/wp-json\/wp\/v2\/comments?post=28572"}],"version-history":[{"count":1,"href":"https:\/\/elmercuriomanta.ec\/index.php\/wp-json\/wp\/v2\/posts\/28572\/revisions"}],"predecessor-version":[{"id":28574,"href":"https:\/\/elmercuriomanta.ec\/index.php\/wp-json\/wp\/v2\/posts\/28572\/revisions\/28574"}],"wp:featuredmedia":[{"embeddable":true,"href":"https:\/\/elmercuriomanta.ec\/index.php\/wp-json\/wp\/v2\/media\/28573"}],"wp:attachment":[{"href":"https:\/\/elmercuriomanta.ec\/index.php\/wp-json\/wp\/v2\/media?parent=28572"}],"wp:term":[{"taxonomy":"category","embeddable":true,"href":"https:\/\/elmercuriomanta.ec\/index.php\/wp-json\/wp\/v2\/categories?post=28572"},{"taxonomy":"post_tag","embeddable":true,"href":"https:\/\/elmercuriomanta.ec\/index.php\/wp-json\/wp\/v2\/tags?post=28572"}],"curies":[{"name":"wp","href":"https:\/\/api.w.org\/{rel}","templated":true}]}}