{"id":28556,"date":"2024-09-26T10:17:53","date_gmt":"2024-09-26T15:17:53","guid":{"rendered":"https:\/\/elmercuriomanta.ec\/?p=28556"},"modified":"2024-09-26T10:17:55","modified_gmt":"2024-09-26T15:17:55","slug":"el-sector-camaronero-advierte-de-perdidas-de-5-millones-por-dia","status":"publish","type":"post","link":"https:\/\/elmercuriomanta.ec\/index.php\/2024\/09\/26\/el-sector-camaronero-advierte-de-perdidas-de-5-millones-por-dia\/","title":{"rendered":"El sector camaronero advierte de p\u00e9rdidas de $ 5 millones por d\u00eda"},"content":{"rendered":"\n<figure class=\"wp-block-image aligncenter size-full is-resized\"><img fetchpriority=\"high\" decoding=\"async\" width=\"780\" height=\"477\" src=\"https:\/\/elmercuriomanta.ec\/wp-content\/uploads\/2024\/09\/image-307.png\" alt=\"\" class=\"wp-image-28557\" style=\"width:339px;height:auto\" srcset=\"https:\/\/elmercuriomanta.ec\/wp-content\/uploads\/2024\/09\/image-307.png 780w, https:\/\/elmercuriomanta.ec\/wp-content\/uploads\/2024\/09\/image-307-300x183.png 300w, https:\/\/elmercuriomanta.ec\/wp-content\/uploads\/2024\/09\/image-307-768x470.png 768w\" sizes=\"(max-width: 780px) 100vw, 780px\" \/><\/figure>\n\n\n\n<p>El sector camaronero pronostica serios problemas en su cadena productiva si no se cumple con la planificaci\u00f3n de los racionamientos el\u00e9ctricos y sin una comunicaci\u00f3n oportuna a los ciudadanos, pues industrias como la de fabricaci\u00f3n de alimentos con este insumo requieren tiempos m\u00ednimos para el encendido de sus equipos, dice el gremio mediante un comunicado.<\/p>\n\n\n\n<p>&nbsp;De igual forma sucede con las empacadoras de camar\u00f3n, que deben planificar la recepci\u00f3n del producto para su clasificaci\u00f3n, procesamiento, empaque y colocaci\u00f3n en contenedores para exportaci\u00f3n. No contar con horarios definidos les impide organizar la log\u00edstica y pone en riesgo el cumplimiento de compromisos con clientes.&nbsp;<\/p>\n\n\n\n<p>De la misma manera, las empacadoras requieren energ\u00eda el\u00e9ctrica para procesar y congelar el camar\u00f3n a -18 \u00b0C, lo cual demanda considerables vol\u00famenes energ\u00e9ticos. Este proceso es esencial para preservar la calidad del producto y cumplir con los est\u00e1ndares de seguridad alimentaria.&nbsp;<\/p>\n\n\n\n<p>Por otra parte, se detalla, la falta de energ\u00eda en las fincas camaroneras afecta el bombeo del agua, lo que pone en riesgo las condiciones de ox\u00edgeno y la supervivencia del crust\u00e1ceo. Los cortes inesperados de energ\u00eda en estas \u00e1reas clave de la industria pueden generar p\u00e9rdidas econ\u00f3micas que superar\u00edan los 5 millones de d\u00f3lares diarios.&nbsp;<\/p>\n\n\n\n<p>En tal sentido, la C\u00e1mara Nacional de Acuacultura (CNA) estima que, de mantenerse este escenario, el sector podr\u00eda acumular p\u00e9rdidas por decenas de millones en pocas semanas, comprometiendo no solo las exportaciones, sino tambi\u00e9n la producci\u00f3n interna de insumos y la supervivencia del camar\u00f3n en las piscinas que dependen de los sistemas el\u00e9ctricos.&nbsp;<\/p>\n\n\n\n<p>Racionamiento por sectores La CNA solicita un enfoque diferenciado en el racionamiento el\u00e9ctrico por zonas categorizadas como industriales, por ejemplo, en los cantones Dur\u00e1n y Yaguachi de la provincia del Guayas, argumentando lo siguiente: 1. La demanda industrial en Dur\u00e1n es de 140 MW, casi el doble que la residencial (80 MW), lo que requiere un tratamiento especial en comparaci\u00f3n con otras ciudades. 2. Se propone limitar las interrupciones de energ\u00eda para el sector industrial a una sola vez al d\u00eda, minimizando el impacto en la productividad.<\/p>\n\n\n\n<p>&nbsp;3. Anuncios con antelaci\u00f3n sobre las restricciones de energ\u00eda, para permitir una planificaci\u00f3n eficiente de las operaciones industriales. La CNA reconoce la iniciativa del Gobierno Nacional para involucrar al sector privado en la generaci\u00f3n el\u00e9ctrica durante la crisis. Para participar en este plan, los interesados deben registrar sus motores de generaci\u00f3n en las empresas de distribuci\u00f3n el\u00e9ctrica, tras lo cual se instalar\u00e1n medidores que registren tanto el consumo privado como la energ\u00eda que se entregue al Sistema Nacional Interconectado. Adem\u00e1s, el Estado emitir\u00e1 una nota de cr\u00e9dito para cubrir los costos operativos del generador, incluyendo combustible y mantenimiento. El gremio reitera su disposici\u00f3n para trabajar en conjunto con las autoridades y actores involucrados, a fin de encontrar soluciones que protejan esta industria vital para la econom\u00eda ecuatoriana.&nbsp;<\/p>\n\n\n\n<p>Por ello insisten en que se mejore el flujo de informaci\u00f3n desde las autoridades del sector energ\u00e9tico, esperando que se d\u00e9 certeza en los horarios de corte del flujo el\u00e9ctrico, as\u00ed como la duraci\u00f3n aproximada de esta crisis que ya est\u00e1 impactando seriamente a la actividad productiva nacional. El camar\u00f3n es el primer producto de exportaci\u00f3n de Ecuador, dentro de la canasta de las no petroleras, tradicionales. Hasta julio de 2024 las ventas al mundo suman 4.113,3 millones de d\u00f3lares, en comparaci\u00f3n con el a\u00f1o anterior hay un ca\u00edda de 6,4 %, seg\u00fan el Banco Central de Ecuador.<\/p>\n\n\n\n<p><\/p>\n","protected":false},"excerpt":{"rendered":"<p>El sector camaronero pronostica serios problemas en su cadena productiva si no se cumple con la planificaci\u00f3n de los racionamientos el\u00e9ctricos y sin una comunicaci\u00f3n oportuna a los ciudadanos, pues industrias como la de fabricaci\u00f3n de alimentos con este insumo requieren tiempos m\u00ednimos para el encendido de sus equipos, dice el gremio mediante un comunicado.<\/p>\n","protected":false},"author":1,"featured_media":28557,"comment_status":"open","ping_status":"open","sticky":false,"template":"","format":"standard","meta":{"footnotes":""},"categories":[20,83],"tags":[23],"class_list":["post-28556","post","type-post","status-publish","format-standard","has-post-thumbnail","hentry","category-portada-2","category-sucesos","tag-ecuador"],"_links":{"self":[{"href":"https:\/\/elmercuriomanta.ec\/index.php\/wp-json\/wp\/v2\/posts\/28556","targetHints":{"allow":["GET"]}}],"collection":[{"href":"https:\/\/elmercuriomanta.ec\/index.php\/wp-json\/wp\/v2\/posts"}],"about":[{"href":"https:\/\/elmercuriomanta.ec\/index.php\/wp-json\/wp\/v2\/types\/post"}],"author":[{"embeddable":true,"href":"https:\/\/elmercuriomanta.ec\/index.php\/wp-json\/wp\/v2\/users\/1"}],"replies":[{"embeddable":true,"href":"https:\/\/elmercuriomanta.ec\/index.php\/wp-json\/wp\/v2\/comments?post=28556"}],"version-history":[{"count":1,"href":"https:\/\/elmercuriomanta.ec\/index.php\/wp-json\/wp\/v2\/posts\/28556\/revisions"}],"predecessor-version":[{"id":28558,"href":"https:\/\/elmercuriomanta.ec\/index.php\/wp-json\/wp\/v2\/posts\/28556\/revisions\/28558"}],"wp:featuredmedia":[{"embeddable":true,"href":"https:\/\/elmercuriomanta.ec\/index.php\/wp-json\/wp\/v2\/media\/28557"}],"wp:attachment":[{"href":"https:\/\/elmercuriomanta.ec\/index.php\/wp-json\/wp\/v2\/media?parent=28556"}],"wp:term":[{"taxonomy":"category","embeddable":true,"href":"https:\/\/elmercuriomanta.ec\/index.php\/wp-json\/wp\/v2\/categories?post=28556"},{"taxonomy":"post_tag","embeddable":true,"href":"https:\/\/elmercuriomanta.ec\/index.php\/wp-json\/wp\/v2\/tags?post=28556"}],"curies":[{"name":"wp","href":"https:\/\/api.w.org\/{rel}","templated":true}]}}