{"id":28524,"date":"2024-09-25T14:38:12","date_gmt":"2024-09-25T19:38:12","guid":{"rendered":"https:\/\/elmercuriomanta.ec\/?p=28524"},"modified":"2024-09-25T14:38:14","modified_gmt":"2024-09-25T19:38:14","slug":"se-reactivo-incendio-en-el-sector-de-guapulo-en-quito","status":"publish","type":"post","link":"https:\/\/elmercuriomanta.ec\/index.php\/2024\/09\/25\/se-reactivo-incendio-en-el-sector-de-guapulo-en-quito\/","title":{"rendered":"Se reactiv\u00f3 incendio en el sector de Gu\u00e1pulo en Quito"},"content":{"rendered":"\n<figure class=\"wp-block-image aligncenter size-full is-resized\"><img fetchpriority=\"high\" decoding=\"async\" width=\"640\" height=\"360\" src=\"https:\/\/elmercuriomanta.ec\/wp-content\/uploads\/2024\/09\/image-303.png\" alt=\"\" class=\"wp-image-28525\" style=\"width:316px;height:auto\" srcset=\"https:\/\/elmercuriomanta.ec\/wp-content\/uploads\/2024\/09\/image-303.png 640w, https:\/\/elmercuriomanta.ec\/wp-content\/uploads\/2024\/09\/image-303-300x169.png 300w\" sizes=\"(max-width: 640px) 100vw, 640px\" \/><\/figure>\n\n\n\n<p>Las primeras horas del d\u00eda este viernes, el incendio forestal reportado ayer parec\u00eda controlado. Sin embargo, dos focos se volvieron a activar en el Parque Metropolitano y en Gu\u00e1pulo, en Quito. <\/p>\n\n\n\n<p>Alrededor del mediod\u00eda, el fuego se reactiv\u00f3 en varios puntos en el sector de Gu\u00e1pulo, debido a los fuertes vientos registrados desde las 11:00.\u00a0<\/p>\n\n\n\n<p>Los puntos m\u00e1s afectados son:  El\u00a0Cerro Auqui.\u00a0Varias columnas de humo y llamas de fuego se visualizan desde distintos puntos de la capital.\u00a0<\/p>\n\n\n\n<p>El helic\u00f3ptero de la Fuerza A\u00e9rea Ecuatoriana (FAE) realiz\u00f3 descargas de 700 litros de agua, desde las 09:30.<\/p>\n\n\n\n<p>Tras la alerta de reactivaci\u00f3n del incendio, los veh\u00edculos de los bomberos se trasladaron de inmediato hacia las inmediaciones del cerro Auqui. En el trascurso, encontraron varios focos con llamas encendidas, que intentan sofocar con agua.<br><\/p>\n","protected":false},"excerpt":{"rendered":"<p>Las primeras horas del d\u00eda este viernes, el incendio forestal reportado ayer parec\u00eda controlado. Sin embargo, dos focos se volvieron a activar en el Parque Metropolitano y en Gu\u00e1pulo, en Quito. <\/p>\n","protected":false},"author":1,"featured_media":28525,"comment_status":"open","ping_status":"open","sticky":false,"template":"","format":"standard","meta":{"footnotes":""},"categories":[20,83],"tags":[23],"class_list":["post-28524","post","type-post","status-publish","format-standard","has-post-thumbnail","hentry","category-portada-2","category-sucesos","tag-ecuador"],"_links":{"self":[{"href":"https:\/\/elmercuriomanta.ec\/index.php\/wp-json\/wp\/v2\/posts\/28524","targetHints":{"allow":["GET"]}}],"collection":[{"href":"https:\/\/elmercuriomanta.ec\/index.php\/wp-json\/wp\/v2\/posts"}],"about":[{"href":"https:\/\/elmercuriomanta.ec\/index.php\/wp-json\/wp\/v2\/types\/post"}],"author":[{"embeddable":true,"href":"https:\/\/elmercuriomanta.ec\/index.php\/wp-json\/wp\/v2\/users\/1"}],"replies":[{"embeddable":true,"href":"https:\/\/elmercuriomanta.ec\/index.php\/wp-json\/wp\/v2\/comments?post=28524"}],"version-history":[{"count":1,"href":"https:\/\/elmercuriomanta.ec\/index.php\/wp-json\/wp\/v2\/posts\/28524\/revisions"}],"predecessor-version":[{"id":28526,"href":"https:\/\/elmercuriomanta.ec\/index.php\/wp-json\/wp\/v2\/posts\/28524\/revisions\/28526"}],"wp:featuredmedia":[{"embeddable":true,"href":"https:\/\/elmercuriomanta.ec\/index.php\/wp-json\/wp\/v2\/media\/28525"}],"wp:attachment":[{"href":"https:\/\/elmercuriomanta.ec\/index.php\/wp-json\/wp\/v2\/media?parent=28524"}],"wp:term":[{"taxonomy":"category","embeddable":true,"href":"https:\/\/elmercuriomanta.ec\/index.php\/wp-json\/wp\/v2\/categories?post=28524"},{"taxonomy":"post_tag","embeddable":true,"href":"https:\/\/elmercuriomanta.ec\/index.php\/wp-json\/wp\/v2\/tags?post=28524"}],"curies":[{"name":"wp","href":"https:\/\/api.w.org\/{rel}","templated":true}]}}