{"id":28503,"date":"2024-09-25T10:14:35","date_gmt":"2024-09-25T15:14:35","guid":{"rendered":"https:\/\/elmercuriomanta.ec\/?p=28503"},"modified":"2024-09-25T10:14:37","modified_gmt":"2024-09-25T15:14:37","slug":"la-produccion-de-leche-se-redujo-en-un-50-a-escala-nacional-por-la-epoca-seca","status":"publish","type":"post","link":"https:\/\/elmercuriomanta.ec\/index.php\/2024\/09\/25\/la-produccion-de-leche-se-redujo-en-un-50-a-escala-nacional-por-la-epoca-seca\/","title":{"rendered":"La producci\u00f3n de leche se redujo en un 50 % a escala nacional por la \u00e9poca seca\u00a0"},"content":{"rendered":"\n<figure class=\"wp-block-image aligncenter size-full is-resized\"><img fetchpriority=\"high\" decoding=\"async\" width=\"600\" height=\"600\" src=\"https:\/\/elmercuriomanta.ec\/wp-content\/uploads\/2024\/09\/image-297.png\" alt=\"\" class=\"wp-image-28504\" style=\"width:207px;height:auto\" srcset=\"https:\/\/elmercuriomanta.ec\/wp-content\/uploads\/2024\/09\/image-297.png 600w, https:\/\/elmercuriomanta.ec\/wp-content\/uploads\/2024\/09\/image-297-300x300.png 300w, https:\/\/elmercuriomanta.ec\/wp-content\/uploads\/2024\/09\/image-297-150x150.png 150w\" sizes=\"(max-width: 600px) 100vw, 600px\" \/><\/figure>\n\n\n\n<p>En el sector de La Tola, en el valle de Los Chillos, cerca de Quito, el quicuyo no crece. Hay pastizales secos por el intenso sol y las lluvias ausentes desde hace 75 d\u00edas. La falta de pastizales y agua golpea al sector ganadero.<\/p>\n\n\n\n<p>&nbsp;El Ministerio de Agricultura contabiliz\u00f3 16 642 cabezas de ganado, de 3 821 productores, afectadas por el estiaje. El problema se concentra sobre todo en Imbabura, Pichincha, Cotopaxi, Tungurahua, Chimborazo, zonas altas de Santo Domingo y Napo.&nbsp;<\/p>\n\n\n\n<p>En la Sierra, los productores se dedican principalmente a la cr\u00edanza de vacas jersey y holstein para la producci\u00f3n de leche y quesos. En el pa\u00eds -cada d\u00eda- se recogen 3,8 millones de litros de leche, pero desde hace tres semanas se redujo a la mitad (50 %).&nbsp;<\/p>\n\n\n\n<p>Incluso los ganaderos prefieren vender o faenar las reses para garantizar comida a las que quedan. \u201cVend\u00ed cinco para que las otras puedan comer\u201d, expres\u00f3 Francis Abad, coordinador Prefederaci\u00f3n de Peque\u00f1os y Medianos Ganaderos.<\/p>\n\n\n\n<p>&nbsp;Existen vacas extremadamente delgadas porque no alcanzan a ingerir 35 kilos de c\u00e9sped y 90 litros de agua que requieren cada d\u00eda. Este consumo aumenta con el calor. Por eso, en otra zona de Pichincha, en Tambillo, los agricultores refrescan el ganado con mangueras. Aunque el quicuyo est\u00e1 menos seco, aqu\u00ed tampoco crece. Est\u00e1 al ras cuando habitualmente supera 20 cent\u00edmetros.<\/p>\n\n\n\n<p>&nbsp;Por eso, en estas zonas que se abastec\u00edan de pasto, por primera vez, los ganaderos est\u00e1n comprando sobrealimentos. El Ministerio de Agricultura reporta por la sequ\u00eda 10 animales muertos por falta de comida o agua. Para enfrentar esta crisis ha entregado,desde julio, 12 toneladas de comida a tres de las provincias m\u00e1s afectadas y suplementos alimenticios.<\/p>\n\n\n\n<p>&nbsp;Los agricultores consideran que es insuficiente y piden que el sector sea declarado en emergencia.<\/p>\n","protected":false},"excerpt":{"rendered":"<p>En el sector de La Tola, en el valle de Los Chillos, cerca de Quito, el quicuyo no crece. Hay pastizales secos por el intenso sol y las lluvias ausentes desde hace 75 d\u00edas. La falta de pastizales y agua golpea al sector ganadero.<\/p>\n","protected":false},"author":1,"featured_media":28504,"comment_status":"open","ping_status":"open","sticky":false,"template":"","format":"standard","meta":{"footnotes":""},"categories":[20,83],"tags":[23],"class_list":["post-28503","post","type-post","status-publish","format-standard","has-post-thumbnail","hentry","category-portada-2","category-sucesos","tag-ecuador"],"_links":{"self":[{"href":"https:\/\/elmercuriomanta.ec\/index.php\/wp-json\/wp\/v2\/posts\/28503","targetHints":{"allow":["GET"]}}],"collection":[{"href":"https:\/\/elmercuriomanta.ec\/index.php\/wp-json\/wp\/v2\/posts"}],"about":[{"href":"https:\/\/elmercuriomanta.ec\/index.php\/wp-json\/wp\/v2\/types\/post"}],"author":[{"embeddable":true,"href":"https:\/\/elmercuriomanta.ec\/index.php\/wp-json\/wp\/v2\/users\/1"}],"replies":[{"embeddable":true,"href":"https:\/\/elmercuriomanta.ec\/index.php\/wp-json\/wp\/v2\/comments?post=28503"}],"version-history":[{"count":2,"href":"https:\/\/elmercuriomanta.ec\/index.php\/wp-json\/wp\/v2\/posts\/28503\/revisions"}],"predecessor-version":[{"id":28530,"href":"https:\/\/elmercuriomanta.ec\/index.php\/wp-json\/wp\/v2\/posts\/28503\/revisions\/28530"}],"wp:featuredmedia":[{"embeddable":true,"href":"https:\/\/elmercuriomanta.ec\/index.php\/wp-json\/wp\/v2\/media\/28504"}],"wp:attachment":[{"href":"https:\/\/elmercuriomanta.ec\/index.php\/wp-json\/wp\/v2\/media?parent=28503"}],"wp:term":[{"taxonomy":"category","embeddable":true,"href":"https:\/\/elmercuriomanta.ec\/index.php\/wp-json\/wp\/v2\/categories?post=28503"},{"taxonomy":"post_tag","embeddable":true,"href":"https:\/\/elmercuriomanta.ec\/index.php\/wp-json\/wp\/v2\/tags?post=28503"}],"curies":[{"name":"wp","href":"https:\/\/api.w.org\/{rel}","templated":true}]}}