{"id":28496,"date":"2024-09-25T09:45:47","date_gmt":"2024-09-25T14:45:47","guid":{"rendered":"https:\/\/elmercuriomanta.ec\/?p=28496"},"modified":"2024-09-25T09:45:49","modified_gmt":"2024-09-25T14:45:49","slug":"ministro-de-energia-el-estiaje-se-adelanto-tres-meses","status":"publish","type":"post","link":"https:\/\/elmercuriomanta.ec\/index.php\/2024\/09\/25\/ministro-de-energia-el-estiaje-se-adelanto-tres-meses\/","title":{"rendered":"Ministro de energ\u00eda: el estiaje se adelant\u00f3 tres meses"},"content":{"rendered":"\n<figure class=\"wp-block-image aligncenter size-large is-resized\"><img fetchpriority=\"high\" decoding=\"async\" width=\"1024\" height=\"691\" src=\"https:\/\/elmercuriomanta.ec\/wp-content\/uploads\/2024\/09\/image-295-1024x691.png\" alt=\"\" class=\"wp-image-28497\" style=\"width:310px;height:auto\" srcset=\"https:\/\/elmercuriomanta.ec\/wp-content\/uploads\/2024\/09\/image-295-1024x691.png 1024w, https:\/\/elmercuriomanta.ec\/wp-content\/uploads\/2024\/09\/image-295-300x203.png 300w, https:\/\/elmercuriomanta.ec\/wp-content\/uploads\/2024\/09\/image-295-768x518.png 768w, https:\/\/elmercuriomanta.ec\/wp-content\/uploads\/2024\/09\/image-295.png 1200w\" sizes=\"(max-width: 1024px) 100vw, 1024px\" \/><\/figure>\n\n\n\n<p>En una rueda de prensa este martes 24 de septiembre, Antonio Goncalves, ministro de Energ\u00eda y Minas, explic\u00f3 la cr\u00edtica situaci\u00f3n energ\u00e9tica que atraviesa el pa\u00eds, causada por la sequ\u00eda. \u201cAl igual que ustedes estamos muy preocupados, acongojados por esta situaci\u00f3n.&nbsp;<\/p>\n\n\n\n<p>Quiero darles esa seguridad que este Gobierno del presidente Noboa y sus Ministros est\u00e1n enfocados en el bienestar de ustedes y queremos superar esta crisis juntos lo m\u00e1s pronto posible\u201d, enfatiz\u00f3 Goncalves.&nbsp;<\/p>\n\n\n\n<p>\u201cEl comportamiento estad\u00edstico y la data hist\u00f3rica demuestran que estamos en una situaci\u00f3n grave de sequ\u00eda regional y mundial\u201d, se\u00f1al\u00f3 Goncalves al presentar un gr\u00e1fico que ilustraba el caudal de Mazar, el embalse m\u00e1s importante del pa\u00eds para regular el sistema energ\u00e9tico.&nbsp;<\/p>\n\n\n\n<p>El gr\u00e1fico revel\u00f3 que los niveles de agua actuales est\u00e1n muy por debajo del promedio. \u201cHa llegado m\u00e1s abajo del 10% del percentil de probabilidad\u201d. Adem\u00e1s, dio a conocer que desde el pasado s\u00e1bado 24 de septiembre subi\u00f3 1,60 m de agua en Mazar, por la suspensi\u00f3n de energ\u00eda. El estiaje se adelant\u00f3 tres meses, dijo el Ministro.&nbsp;<\/p>\n\n\n\n<p>El Ministro explic\u00f3 que la matriz energ\u00e9tica de Ecuador se basa en gran medida en la generaci\u00f3n hidroel\u00e9ctrica, que ha sido afectada por la sequ\u00eda. Para superar la demanda actual, el Gobierno, dice Goncalves, ha implementado diversas medidas, como el uso de la central Coca Codo Sinclair, la compra de energ\u00eda a Colombia (450 megavatios entregados este lunes) y la adici\u00f3n de megavatios mediante las barcazas.&nbsp;<\/p>\n\n\n\n<p>Es decir, compra y renta de energ\u00eda. \u201cEsto ense\u00f1a que nuestra matriz energ\u00e9tica est\u00e1 basada en el agua. Tenemos una dependencia de la hidr\u00e1ulica. Del otro lado de la moneda, es una matriz bastante limpia. Sin embargo, el problema del agua es cr\u00edtico\u201d, afirma.&nbsp;<\/p>\n\n\n\n<p>Adem\u00e1s, anunci\u00f3 que se est\u00e1n planificando m\u00e1s incorporaciones de capacidad energ\u00e9tica para mayo de 2025. Goncalves asegur\u00f3 que, cuando las lluvias regresen y los embalses se recuperen, se podr\u00e1n evitar los cortes programados.<\/p>\n","protected":false},"excerpt":{"rendered":"<p>En una rueda de prensa este martes 24 de septiembre, Antonio Goncalves, ministro de Energ\u00eda y Minas, explic\u00f3 la cr\u00edtica situaci\u00f3n energ\u00e9tica que atraviesa el pa\u00eds, causada por la sequ\u00eda. \u201cAl igual que ustedes estamos muy preocupados, acongojados por esta situaci\u00f3n.\u00a0<\/p>\n","protected":false},"author":1,"featured_media":28497,"comment_status":"open","ping_status":"open","sticky":false,"template":"","format":"standard","meta":{"footnotes":""},"categories":[20,83],"tags":[23],"class_list":["post-28496","post","type-post","status-publish","format-standard","has-post-thumbnail","hentry","category-portada-2","category-sucesos","tag-ecuador"],"_links":{"self":[{"href":"https:\/\/elmercuriomanta.ec\/index.php\/wp-json\/wp\/v2\/posts\/28496","targetHints":{"allow":["GET"]}}],"collection":[{"href":"https:\/\/elmercuriomanta.ec\/index.php\/wp-json\/wp\/v2\/posts"}],"about":[{"href":"https:\/\/elmercuriomanta.ec\/index.php\/wp-json\/wp\/v2\/types\/post"}],"author":[{"embeddable":true,"href":"https:\/\/elmercuriomanta.ec\/index.php\/wp-json\/wp\/v2\/users\/1"}],"replies":[{"embeddable":true,"href":"https:\/\/elmercuriomanta.ec\/index.php\/wp-json\/wp\/v2\/comments?post=28496"}],"version-history":[{"count":1,"href":"https:\/\/elmercuriomanta.ec\/index.php\/wp-json\/wp\/v2\/posts\/28496\/revisions"}],"predecessor-version":[{"id":28498,"href":"https:\/\/elmercuriomanta.ec\/index.php\/wp-json\/wp\/v2\/posts\/28496\/revisions\/28498"}],"wp:featuredmedia":[{"embeddable":true,"href":"https:\/\/elmercuriomanta.ec\/index.php\/wp-json\/wp\/v2\/media\/28497"}],"wp:attachment":[{"href":"https:\/\/elmercuriomanta.ec\/index.php\/wp-json\/wp\/v2\/media?parent=28496"}],"wp:term":[{"taxonomy":"category","embeddable":true,"href":"https:\/\/elmercuriomanta.ec\/index.php\/wp-json\/wp\/v2\/categories?post=28496"},{"taxonomy":"post_tag","embeddable":true,"href":"https:\/\/elmercuriomanta.ec\/index.php\/wp-json\/wp\/v2\/tags?post=28496"}],"curies":[{"name":"wp","href":"https:\/\/api.w.org\/{rel}","templated":true}]}}