{"id":28480,"date":"2024-09-24T17:52:11","date_gmt":"2024-09-24T22:52:11","guid":{"rendered":"https:\/\/elmercuriomanta.ec\/?p=28480"},"modified":"2024-09-24T17:52:13","modified_gmt":"2024-09-24T22:52:13","slug":"quito-en-nube-de-humo-por-gran-incendio-forestal","status":"publish","type":"post","link":"https:\/\/elmercuriomanta.ec\/index.php\/2024\/09\/24\/quito-en-nube-de-humo-por-gran-incendio-forestal\/","title":{"rendered":"Quito en nube de humo por Gran incendio forestal"},"content":{"rendered":"\n<p><strong> <\/strong><\/p>\n\n\n\n<figure class=\"wp-block-image aligncenter size-full is-resized\"><img fetchpriority=\"high\" decoding=\"async\" width=\"440\" height=\"279\" src=\"https:\/\/elmercuriomanta.ec\/wp-content\/uploads\/2024\/09\/image-293.png\" alt=\"\" class=\"wp-image-28482\" style=\"width:359px;height:auto\" srcset=\"https:\/\/elmercuriomanta.ec\/wp-content\/uploads\/2024\/09\/image-293.png 440w, https:\/\/elmercuriomanta.ec\/wp-content\/uploads\/2024\/09\/image-293-300x190.png 300w\" sizes=\"(max-width: 440px) 100vw, 440px\" \/><\/figure>\n\n\n\n<p>Este marte se registr\u00f3 en Quito un gran incendio forestal.<\/p>\n\n\n\n<p>De acuerdo a las autoridades en el d\u00eda se registraron tres de\u00a0<strong>estos eventos en varios puntos de la ciudad.<\/strong><\/p>\n\n\n\n<p><strong>El incendio m\u00e1s grande inici\u00f3 pasado el mediod\u00eda en el sector de Gu\u00e1pulo,<\/strong>\u00a0entre la avenida De Los Conquistadores y la L\u00ednea F\u00e9rrea. Inmediatamente afect\u00f3 a la maleza de la quebrada. El<strong>\u00a0humo dificult\u00f3 la circulaci\u00f3n vehicular por el \u00e1rea.<\/strong><\/p>\n\n\n\n<p><a href=\"https:\/\/www.eldiario.ec\/insolito-y-virales\/el-humo-y-la-niebla-cubren-san-francisco-de-un-cielo-naranja-apocaliptico\/\"><strong><mark>La nube se dirig\u00eda al norte.<\/mark><\/strong><\/a><\/p>\n\n\n\n<p>Los moradores de varios sectores anunciaron en redes sociales que no se pod\u00eda respirar bien debido a la cantidad de humo.<\/p>\n\n\n\n<p>El Cuerpo de Bomberos de la capital aendi\u00f3 la emergencia. Pero e<strong>l humo se exte<\/strong>ndi\u00f3<strong>\u00a0por la ciudad, afectando la calidad del aire.<\/strong><\/p>\n\n\n\n<p><\/p>\n","protected":false},"excerpt":{"rendered":"<p>Este marte se registr\u00f3 en Quito un gran incendio forestal.<\/p>\n","protected":false},"author":1,"featured_media":28482,"comment_status":"open","ping_status":"open","sticky":false,"template":"","format":"standard","meta":{"footnotes":""},"categories":[1],"tags":[],"class_list":["post-28480","post","type-post","status-publish","format-standard","has-post-thumbnail","hentry","category-uncategorized"],"_links":{"self":[{"href":"https:\/\/elmercuriomanta.ec\/index.php\/wp-json\/wp\/v2\/posts\/28480","targetHints":{"allow":["GET"]}}],"collection":[{"href":"https:\/\/elmercuriomanta.ec\/index.php\/wp-json\/wp\/v2\/posts"}],"about":[{"href":"https:\/\/elmercuriomanta.ec\/index.php\/wp-json\/wp\/v2\/types\/post"}],"author":[{"embeddable":true,"href":"https:\/\/elmercuriomanta.ec\/index.php\/wp-json\/wp\/v2\/users\/1"}],"replies":[{"embeddable":true,"href":"https:\/\/elmercuriomanta.ec\/index.php\/wp-json\/wp\/v2\/comments?post=28480"}],"version-history":[{"count":1,"href":"https:\/\/elmercuriomanta.ec\/index.php\/wp-json\/wp\/v2\/posts\/28480\/revisions"}],"predecessor-version":[{"id":28483,"href":"https:\/\/elmercuriomanta.ec\/index.php\/wp-json\/wp\/v2\/posts\/28480\/revisions\/28483"}],"wp:featuredmedia":[{"embeddable":true,"href":"https:\/\/elmercuriomanta.ec\/index.php\/wp-json\/wp\/v2\/media\/28482"}],"wp:attachment":[{"href":"https:\/\/elmercuriomanta.ec\/index.php\/wp-json\/wp\/v2\/media?parent=28480"}],"wp:term":[{"taxonomy":"category","embeddable":true,"href":"https:\/\/elmercuriomanta.ec\/index.php\/wp-json\/wp\/v2\/categories?post=28480"},{"taxonomy":"post_tag","embeddable":true,"href":"https:\/\/elmercuriomanta.ec\/index.php\/wp-json\/wp\/v2\/tags?post=28480"}],"curies":[{"name":"wp","href":"https:\/\/api.w.org\/{rel}","templated":true}]}}