{"id":28472,"date":"2024-09-24T16:20:08","date_gmt":"2024-09-24T21:20:08","guid":{"rendered":"https:\/\/elmercuriomanta.ec\/?p=28472"},"modified":"2024-09-24T16:20:10","modified_gmt":"2024-09-24T21:20:10","slug":"la-fabril-celebra-el-dia-del-orgullo-ecuatoriano-innovacion-y-compromiso-con-lo-nacional","status":"publish","type":"post","link":"https:\/\/elmercuriomanta.ec\/index.php\/2024\/09\/24\/la-fabril-celebra-el-dia-del-orgullo-ecuatoriano-innovacion-y-compromiso-con-lo-nacional\/","title":{"rendered":"La Fabril celebra el D\u00eda del Orgullo Ecuatoriano: innovaci\u00f3n y compromiso con lo nacional"},"content":{"rendered":"\n<figure class=\"wp-block-image aligncenter size-large is-resized\"><img fetchpriority=\"high\" decoding=\"async\" width=\"1024\" height=\"682\" src=\"https:\/\/elmercuriomanta.ec\/wp-content\/uploads\/2024\/09\/WhatsApp-Image-2024-09-24-at-16.08.35-1024x682.jpeg\" alt=\"\" class=\"wp-image-28475\" style=\"width:285px;height:auto\" srcset=\"https:\/\/elmercuriomanta.ec\/wp-content\/uploads\/2024\/09\/WhatsApp-Image-2024-09-24-at-16.08.35-1024x682.jpeg 1024w, https:\/\/elmercuriomanta.ec\/wp-content\/uploads\/2024\/09\/WhatsApp-Image-2024-09-24-at-16.08.35-300x200.jpeg 300w, https:\/\/elmercuriomanta.ec\/wp-content\/uploads\/2024\/09\/WhatsApp-Image-2024-09-24-at-16.08.35-768x512.jpeg 768w, https:\/\/elmercuriomanta.ec\/wp-content\/uploads\/2024\/09\/WhatsApp-Image-2024-09-24-at-16.08.35-1536x1023.jpeg 1536w, https:\/\/elmercuriomanta.ec\/wp-content\/uploads\/2024\/09\/WhatsApp-Image-2024-09-24-at-16.08.35.jpeg 1600w\" sizes=\"(max-width: 1024px) 100vw, 1024px\" \/><\/figure>\n\n\n\n<p>Cada 27 de septiembre, Ecuador conmemora el D\u00eda del Orgullo Ecuatoriano, una ocasi\u00f3n en la que los ciudadanos se unen para destacar y consumir productos nacionales, apoyar marcas locales, y celebrar la riqueza de la cultura y el arte ecuatoriano. Como Embajador del Orgullo Ecuatoriano y con m\u00e1s de 50 a\u00f1os de historia, La Fabril se suma a esta celebraci\u00f3n, reafirmando la importancia de consumir y apoyar la producci\u00f3n local como motor clave para el desarrollo econ\u00f3mico y social del pa\u00eds.<\/p>\n\n\n\n<p>La Fabril genera empleo directo para cerca de 3,000 familias ecuatorianas, fortaleciendo la econom\u00eda local y contribuyendo significativamente al progreso de las comunidades donde opera. Su compromiso con la innovaci\u00f3n, la sostenibilidad y la responsabilidad social ha sido fundamental para su crecimiento y \u00e9xito, posicion\u00e1ndose como un referente en la industria nacional e internacional.<\/p>\n\n\n\n<div class=\"wp-block-columns is-layout-flex wp-container-core-columns-is-layout-28f84493 wp-block-columns-is-layout-flex\">\n<div class=\"wp-block-column is-layout-flow wp-block-column-is-layout-flow\">\n<figure class=\"wp-block-image size-large\"><img decoding=\"async\" width=\"1024\" height=\"682\" src=\"https:\/\/elmercuriomanta.ec\/wp-content\/uploads\/2024\/09\/WhatsApp-Image-2024-09-24-at-16.08.35-2-1024x682.jpeg\" alt=\"\" class=\"wp-image-28473\" srcset=\"https:\/\/elmercuriomanta.ec\/wp-content\/uploads\/2024\/09\/WhatsApp-Image-2024-09-24-at-16.08.35-2-1024x682.jpeg 1024w, https:\/\/elmercuriomanta.ec\/wp-content\/uploads\/2024\/09\/WhatsApp-Image-2024-09-24-at-16.08.35-2-300x200.jpeg 300w, https:\/\/elmercuriomanta.ec\/wp-content\/uploads\/2024\/09\/WhatsApp-Image-2024-09-24-at-16.08.35-2-768x512.jpeg 768w, https:\/\/elmercuriomanta.ec\/wp-content\/uploads\/2024\/09\/WhatsApp-Image-2024-09-24-at-16.08.35-2-1536x1023.jpeg 1536w, https:\/\/elmercuriomanta.ec\/wp-content\/uploads\/2024\/09\/WhatsApp-Image-2024-09-24-at-16.08.35-2.jpeg 1600w\" sizes=\"(max-width: 1024px) 100vw, 1024px\" \/><\/figure>\n<\/div>\n\n\n\n<div class=\"wp-block-column is-layout-flow wp-block-column-is-layout-flow\">\n<figure class=\"wp-block-image size-large\"><img decoding=\"async\" width=\"1024\" height=\"683\" src=\"https:\/\/elmercuriomanta.ec\/wp-content\/uploads\/2024\/09\/WhatsApp-Image-2024-09-24-at-16.08.35-1-1024x683.jpeg\" alt=\"\" class=\"wp-image-28474\" srcset=\"https:\/\/elmercuriomanta.ec\/wp-content\/uploads\/2024\/09\/WhatsApp-Image-2024-09-24-at-16.08.35-1-1024x683.jpeg 1024w, https:\/\/elmercuriomanta.ec\/wp-content\/uploads\/2024\/09\/WhatsApp-Image-2024-09-24-at-16.08.35-1-300x200.jpeg 300w, https:\/\/elmercuriomanta.ec\/wp-content\/uploads\/2024\/09\/WhatsApp-Image-2024-09-24-at-16.08.35-1-768x512.jpeg 768w, https:\/\/elmercuriomanta.ec\/wp-content\/uploads\/2024\/09\/WhatsApp-Image-2024-09-24-at-16.08.35-1-1536x1024.jpeg 1536w, https:\/\/elmercuriomanta.ec\/wp-content\/uploads\/2024\/09\/WhatsApp-Image-2024-09-24-at-16.08.35-1.jpeg 1600w\" sizes=\"(max-width: 1024px) 100vw, 1024px\" \/><\/figure>\n<\/div>\n<\/div>\n\n\n\n<p><strong>Compromiso con la Comunidad y el Bienestar Social<\/strong><\/p>\n\n\n\n<p>La Fabril no solo destaca por la calidad de sus productos, sino tambi\u00e9n por su impacto positivo en la calidad de vida de las comunidades a trav\u00e9s de diversas iniciativas de responsabilidad social. En 2023, la empresa lanz\u00f3 programas educativos como el \u00abApoyo a J\u00f3venes Gestores Culturales en el Desarrollo de Proyectos Orientados a la Revalorizaci\u00f3n del Patrimonio Gastron\u00f3mico de Manab\u00ed\u00bb, en colaboraci\u00f3n con la Fundaci\u00f3n Fuegos e Iche Lab, brindando becas a j\u00f3venes de escasos recursos para su formaci\u00f3n profesional.<\/p>\n\n\n\n<p>Asimismo, La Fabril, junto a Unidos por la Educaci\u00f3n, mejor\u00f3 la infraestructura de la escuela Bar\u00f3n de Carondelet en San Lorenzo, beneficiando a m\u00e1s de 200 estudiantes y docentes, fortaleciendo el acceso a una educaci\u00f3n de calidad en zonas rurales. Adicionalmente, la empresa implementa campa\u00f1as de salud y bienestar, como jornadas de vacunaci\u00f3n que facilitan el acceso a servicios de salud para las comunidades cercanas a sus operaciones.<\/p>\n\n\n\n<p><strong>Liderazgo en Innovaci\u00f3n y Sostenibilidad<\/strong><\/p>\n\n\n\n<p>La Fabril ha marcado un liderazgo en sostenibilidad, con la implementaci\u00f3n de tecnolog\u00edas que promueven un menor impacto ambiental. Entre sus avances destaca la reducci\u00f3n en el uso de pl\u00e1sticos mediante el desarrollo de envases m\u00e1s ligeros y la operaci\u00f3n de un caldero de biomasa que utiliza residuos agr\u00edcolas, disminuyendo la dependencia de combustibles f\u00f3siles. Hoy, el 88.9% de la energ\u00eda utilizada por La Fabril proviene de fuentes renovables, un testimonio de su compromiso con un futuro m\u00e1s sostenible.<\/p>\n\n\n\n<p>Con presencia en 24 pa\u00edses, La Fabril ha puesto a Ecuador en el mapa internacional, demostrando que los productos nacionales pueden competir con los m\u00e1s altos est\u00e1ndares de calidad y sostenibilidad en el escenario global.<\/p>\n\n\n\n<p><strong>Un Llamado a Valorar lo Nuestro<\/strong><\/p>\n\n\n\n<p>En este D\u00eda del Orgullo Ecuatoriano, La Fabril invita a todos los ecuatorianos a celebrar y valorar lo propio, consumiendo productos nacionales que reflejan la dedicaci\u00f3n, la innovaci\u00f3n y el talento ecuatoriano. \u00abNos enorgullece ofrecer productos de alta calidad que no solo satisfacen las necesidades de nuestros consumidores, sino que tambi\u00e9n contribuyen al bienestar de nuestras comunidades y al cuidado del medio ambiente. Al elegir marcas comprometidas como La Fabril, seguimos construyendo juntos un futuro m\u00e1s sostenible y pr\u00f3spero para todos\u00bb, afirma la empresa.<\/p>\n\n\n\n<p>La Fabril continuar\u00e1 expandiendo su presencia internacional y desarrollando productos innovadores que beneficien a las familias ecuatorianas, reafirmando su compromiso con la sostenibilidad, la responsabilidad social, y el orgullo de ser ecuatorianos.<\/p>\n\n\n\n<p><\/p>\n","protected":false},"excerpt":{"rendered":"<p>Cada 27 de septiembre, Ecuador conmemora el D\u00eda del Orgullo Ecuatoriano, una ocasi\u00f3n en la que los ciudadanos se unen para destacar y consumir productos nacionales, apoyar marcas locales, y celebrar la riqueza de la cultura y el arte ecuatoriano. Como Embajador del Orgullo Ecuatoriano y con m\u00e1s de 50 a\u00f1os de historia, La Fabril se suma a esta celebraci\u00f3n, reafirmando la importancia de consumir y apoyar la producci\u00f3n local como motor clave para el desarrollo econ\u00f3mico y social del pa\u00eds.<\/p>\n","protected":false},"author":1,"featured_media":28475,"comment_status":"open","ping_status":"open","sticky":false,"template":"","format":"standard","meta":{"footnotes":""},"categories":[19],"tags":[23],"class_list":["post-28472","post","type-post","status-publish","format-standard","has-post-thumbnail","hentry","category-portada-1","tag-ecuador"],"_links":{"self":[{"href":"https:\/\/elmercuriomanta.ec\/index.php\/wp-json\/wp\/v2\/posts\/28472","targetHints":{"allow":["GET"]}}],"collection":[{"href":"https:\/\/elmercuriomanta.ec\/index.php\/wp-json\/wp\/v2\/posts"}],"about":[{"href":"https:\/\/elmercuriomanta.ec\/index.php\/wp-json\/wp\/v2\/types\/post"}],"author":[{"embeddable":true,"href":"https:\/\/elmercuriomanta.ec\/index.php\/wp-json\/wp\/v2\/users\/1"}],"replies":[{"embeddable":true,"href":"https:\/\/elmercuriomanta.ec\/index.php\/wp-json\/wp\/v2\/comments?post=28472"}],"version-history":[{"count":1,"href":"https:\/\/elmercuriomanta.ec\/index.php\/wp-json\/wp\/v2\/posts\/28472\/revisions"}],"predecessor-version":[{"id":28476,"href":"https:\/\/elmercuriomanta.ec\/index.php\/wp-json\/wp\/v2\/posts\/28472\/revisions\/28476"}],"wp:featuredmedia":[{"embeddable":true,"href":"https:\/\/elmercuriomanta.ec\/index.php\/wp-json\/wp\/v2\/media\/28475"}],"wp:attachment":[{"href":"https:\/\/elmercuriomanta.ec\/index.php\/wp-json\/wp\/v2\/media?parent=28472"}],"wp:term":[{"taxonomy":"category","embeddable":true,"href":"https:\/\/elmercuriomanta.ec\/index.php\/wp-json\/wp\/v2\/categories?post=28472"},{"taxonomy":"post_tag","embeddable":true,"href":"https:\/\/elmercuriomanta.ec\/index.php\/wp-json\/wp\/v2\/tags?post=28472"}],"curies":[{"name":"wp","href":"https:\/\/api.w.org\/{rel}","templated":true}]}}