{"id":28456,"date":"2024-09-24T10:51:03","date_gmt":"2024-09-24T15:51:03","guid":{"rendered":"https:\/\/elmercuriomanta.ec\/?p=28456"},"modified":"2024-09-24T10:51:05","modified_gmt":"2024-09-24T15:51:05","slug":"la-pequena-bastonera-y-los-42-anos-de-su-tierra","status":"publish","type":"post","link":"https:\/\/elmercuriomanta.ec\/index.php\/2024\/09\/24\/la-pequena-bastonera-y-los-42-anos-de-su-tierra\/","title":{"rendered":"La peque\u00f1a bastonera y los 42 a\u00f1os de su tierra"},"content":{"rendered":"\n<figure class=\"wp-block-image aligncenter size-full\"><img fetchpriority=\"high\" decoding=\"async\" width=\"275\" height=\"183\" src=\"https:\/\/elmercuriomanta.ec\/wp-content\/uploads\/2024\/09\/image-287.png\" alt=\"\" class=\"wp-image-28457\"\/><\/figure>\n\n\n\n<p>Aylani Mendoza no olvidar\u00e1 los 42 a\u00f1os de creaci\u00f3n parroquial de San Mateo, porque con tan solo 5 a\u00f1itos fue su primer desfile como bastonera. Ella represent\u00f3 a la unidad educativa San Mateo.&nbsp;<\/p>\n\n\n\n<p>Junto a sus compa\u00f1eras brillaron con su actuaci\u00f3n, en una fresca ma\u00f1ana, en la que se desarroll\u00f3 el desfile c\u00edvico en honor a esta hermosa parroquia urbana. La actividad sirvi\u00f3 para que los estudiantes de los colegios del sector deleiten a los cientos de ciudadanos que coparon las aceras, para celebrar a su tierra.<\/p>\n","protected":false},"excerpt":{"rendered":"<p>Aylani Mendoza no olvidar\u00e1 los 42 a\u00f1os de creaci\u00f3n parroquial de San Mateo, porque con tan solo 5 a\u00f1itos fue su primer desfile como bastonera. Ella represent\u00f3 a la unidad educativa San Mateo.\u00a0<\/p>\n","protected":false},"author":1,"featured_media":28457,"comment_status":"open","ping_status":"open","sticky":false,"template":"","format":"standard","meta":{"footnotes":""},"categories":[19,83],"tags":[23],"class_list":["post-28456","post","type-post","status-publish","format-standard","has-post-thumbnail","hentry","category-portada-1","category-sucesos","tag-ecuador"],"_links":{"self":[{"href":"https:\/\/elmercuriomanta.ec\/index.php\/wp-json\/wp\/v2\/posts\/28456","targetHints":{"allow":["GET"]}}],"collection":[{"href":"https:\/\/elmercuriomanta.ec\/index.php\/wp-json\/wp\/v2\/posts"}],"about":[{"href":"https:\/\/elmercuriomanta.ec\/index.php\/wp-json\/wp\/v2\/types\/post"}],"author":[{"embeddable":true,"href":"https:\/\/elmercuriomanta.ec\/index.php\/wp-json\/wp\/v2\/users\/1"}],"replies":[{"embeddable":true,"href":"https:\/\/elmercuriomanta.ec\/index.php\/wp-json\/wp\/v2\/comments?post=28456"}],"version-history":[{"count":1,"href":"https:\/\/elmercuriomanta.ec\/index.php\/wp-json\/wp\/v2\/posts\/28456\/revisions"}],"predecessor-version":[{"id":28458,"href":"https:\/\/elmercuriomanta.ec\/index.php\/wp-json\/wp\/v2\/posts\/28456\/revisions\/28458"}],"wp:featuredmedia":[{"embeddable":true,"href":"https:\/\/elmercuriomanta.ec\/index.php\/wp-json\/wp\/v2\/media\/28457"}],"wp:attachment":[{"href":"https:\/\/elmercuriomanta.ec\/index.php\/wp-json\/wp\/v2\/media?parent=28456"}],"wp:term":[{"taxonomy":"category","embeddable":true,"href":"https:\/\/elmercuriomanta.ec\/index.php\/wp-json\/wp\/v2\/categories?post=28456"},{"taxonomy":"post_tag","embeddable":true,"href":"https:\/\/elmercuriomanta.ec\/index.php\/wp-json\/wp\/v2\/tags?post=28456"}],"curies":[{"name":"wp","href":"https:\/\/api.w.org\/{rel}","templated":true}]}}