{"id":28450,"date":"2024-09-24T10:47:32","date_gmt":"2024-09-24T15:47:32","guid":{"rendered":"https:\/\/elmercuriomanta.ec\/?p=28450"},"modified":"2024-09-24T10:47:34","modified_gmt":"2024-09-24T15:47:34","slug":"sector-productivo-de-manta-advierte-perdidas-por-las-suspensiones-electricas","status":"publish","type":"post","link":"https:\/\/elmercuriomanta.ec\/index.php\/2024\/09\/24\/sector-productivo-de-manta-advierte-perdidas-por-las-suspensiones-electricas\/","title":{"rendered":"Sector productivo de Manta advierte p\u00e9rdidas por las suspensiones el\u00e9ctricas"},"content":{"rendered":"\n<figure class=\"wp-block-image aligncenter size-large is-resized\"><img fetchpriority=\"high\" decoding=\"async\" width=\"1024\" height=\"576\" src=\"https:\/\/elmercuriomanta.ec\/wp-content\/uploads\/2024\/09\/image-285-1024x576.png\" alt=\"\" class=\"wp-image-28451\" style=\"width:256px;height:auto\" srcset=\"https:\/\/elmercuriomanta.ec\/wp-content\/uploads\/2024\/09\/image-285-1024x576.png 1024w, https:\/\/elmercuriomanta.ec\/wp-content\/uploads\/2024\/09\/image-285-300x169.png 300w, https:\/\/elmercuriomanta.ec\/wp-content\/uploads\/2024\/09\/image-285-768x432.png 768w, https:\/\/elmercuriomanta.ec\/wp-content\/uploads\/2024\/09\/image-285.png 1191w\" sizes=\"(max-width: 1024px) 100vw, 1024px\" \/><\/figure>\n\n\n\n<p>Las suspensiones el\u00e9ctricas han puesto a correr al sector comercial de Manta. La ma\u00f1ana de este lunes, 23 de septiembre, varios negocios usaron generadores el\u00e9ctricos para enfrentar el apag\u00f3n que se inici\u00f3 a las 11:00.<\/p>\n\n\n\n<p>&nbsp;En el centro de la ciudad, donde est\u00e1 gran parte de los negocios, era notorio el encendido de estos aparatos por el ruido que generan. Gabriel Palma, quien labora en un almac\u00e9n de electrodom\u00e9sticos, indic\u00f3 que los apagones afectan la econom\u00eda de peque\u00f1os y grandes negocios, ya que no se puede facturar, vender o atender a los clientes de forma r\u00e1pida.<\/p>\n","protected":false},"excerpt":{"rendered":"<p>Las suspensiones el\u00e9ctricas han puesto a correr al sector comercial de Manta. La ma\u00f1ana de este lunes, 23 de septiembre, varios negocios usaron generadores el\u00e9ctricos para enfrentar el apag\u00f3n que se inici\u00f3 a las 11:00.<\/p>\n","protected":false},"author":1,"featured_media":28451,"comment_status":"open","ping_status":"open","sticky":false,"template":"","format":"standard","meta":{"footnotes":""},"categories":[20,83],"tags":[23],"class_list":["post-28450","post","type-post","status-publish","format-standard","has-post-thumbnail","hentry","category-portada-2","category-sucesos","tag-ecuador"],"_links":{"self":[{"href":"https:\/\/elmercuriomanta.ec\/index.php\/wp-json\/wp\/v2\/posts\/28450","targetHints":{"allow":["GET"]}}],"collection":[{"href":"https:\/\/elmercuriomanta.ec\/index.php\/wp-json\/wp\/v2\/posts"}],"about":[{"href":"https:\/\/elmercuriomanta.ec\/index.php\/wp-json\/wp\/v2\/types\/post"}],"author":[{"embeddable":true,"href":"https:\/\/elmercuriomanta.ec\/index.php\/wp-json\/wp\/v2\/users\/1"}],"replies":[{"embeddable":true,"href":"https:\/\/elmercuriomanta.ec\/index.php\/wp-json\/wp\/v2\/comments?post=28450"}],"version-history":[{"count":1,"href":"https:\/\/elmercuriomanta.ec\/index.php\/wp-json\/wp\/v2\/posts\/28450\/revisions"}],"predecessor-version":[{"id":28452,"href":"https:\/\/elmercuriomanta.ec\/index.php\/wp-json\/wp\/v2\/posts\/28450\/revisions\/28452"}],"wp:featuredmedia":[{"embeddable":true,"href":"https:\/\/elmercuriomanta.ec\/index.php\/wp-json\/wp\/v2\/media\/28451"}],"wp:attachment":[{"href":"https:\/\/elmercuriomanta.ec\/index.php\/wp-json\/wp\/v2\/media?parent=28450"}],"wp:term":[{"taxonomy":"category","embeddable":true,"href":"https:\/\/elmercuriomanta.ec\/index.php\/wp-json\/wp\/v2\/categories?post=28450"},{"taxonomy":"post_tag","embeddable":true,"href":"https:\/\/elmercuriomanta.ec\/index.php\/wp-json\/wp\/v2\/tags?post=28450"}],"curies":[{"name":"wp","href":"https:\/\/api.w.org\/{rel}","templated":true}]}}