{"id":28444,"date":"2024-09-24T10:43:00","date_gmt":"2024-09-24T15:43:00","guid":{"rendered":"https:\/\/elmercuriomanta.ec\/?p=28444"},"modified":"2024-09-24T10:43:02","modified_gmt":"2024-09-24T15:43:02","slug":"ecuador-registra-cinco-incendios-forestales","status":"publish","type":"post","link":"https:\/\/elmercuriomanta.ec\/index.php\/2024\/09\/24\/ecuador-registra-cinco-incendios-forestales\/","title":{"rendered":"Ecuador registra cinco incendios forestales"},"content":{"rendered":"\n<figure class=\"wp-block-image aligncenter size-large is-resized\"><img fetchpriority=\"high\" decoding=\"async\" width=\"1024\" height=\"691\" src=\"https:\/\/elmercuriomanta.ec\/wp-content\/uploads\/2024\/09\/image-283-1024x691.png\" alt=\"\" class=\"wp-image-28445\" style=\"width:302px;height:auto\" srcset=\"https:\/\/elmercuriomanta.ec\/wp-content\/uploads\/2024\/09\/image-283-1024x691.png 1024w, https:\/\/elmercuriomanta.ec\/wp-content\/uploads\/2024\/09\/image-283-300x203.png 300w, https:\/\/elmercuriomanta.ec\/wp-content\/uploads\/2024\/09\/image-283-768x518.png 768w, https:\/\/elmercuriomanta.ec\/wp-content\/uploads\/2024\/09\/image-283.png 1200w\" sizes=\"(max-width: 1024px) 100vw, 1024px\" \/><\/figure>\n\n\n\n<p>En Ecuador hay cinco incendios que contin\u00faan en el pa\u00eds. La mayor\u00eda de los flagelos afectan a las provincias del norte. Con corte a hoy lunes, 23 de septiembre de 2024, seg\u00fan datos de la Secretar\u00eda Nacional de Gesti\u00f3n de Riesgos. De ellos, tres est\u00e1n controlados y dos est\u00e1n activos.&nbsp;<\/p>\n\n\n\n<p>Estos hechos ocurren en medio de la inminente sequ\u00eda que azota a Ecuador. Las autoridades han hecho \u00e9nfasis en que muchos de estos incendios son provocados por el hombre. Incendios activos. Los incendios activos est\u00e1n en: \u2022 Carchi: cant\u00f3n Espejo, parroquia La Libertad.&nbsp;<\/p>\n\n\n\n<p>Cinco hect\u00e1reas son afectadas hasta el momento en la zona de amortiguamiento de la Reserva Ecol\u00f3gica El \u00c1ngel (REEA). El incendio fue controlado el pasado 19 de septiembre de 2024 y se reactiv\u00f3 el 21 de septiembre. El Cuerpo de Bomberos Espejo report\u00f3 el cambio de estado y contin\u00faa con el monitoreo.&nbsp;<\/p>\n\n\n\n<p>\u2022 Loja: Vilcabamba, parroquia Mollepamba. El \u00e1rea de afectaci\u00f3n del cerro Yasanga a\u00fan no ha sido cuantificada. Bomberos de Loja (Estaci\u00f3n Vilcabamba) realizan labores de sofocaci\u00f3n y liquidaci\u00f3n del flagelo. \u2022 Incendios controlados Los tres incendios controlados se localizan en: \u2022 Cotopaxi: La zona afectada est\u00e1 en Sigchos. El da\u00f1o asciende a 1157 hect\u00e1reas.&nbsp;<\/p>\n\n\n\n<p>El Cuerpo de Bomberos Sigchos y la comunidad de la zona mantienen el monitoreo de dos focos en la parte media en un sitio de dif\u00edcil acceso. \u2022 Carchi: Las llamas est\u00e1n en el cant\u00f3n Mira, parroquia Concepci\u00f3n, zona de amortiguamiento de la Reserva Ecol\u00f3gica El \u00c1ngel (REEA). Hay 160 hect\u00e1reas de vegetaci\u00f3n consumidas.<\/p>\n","protected":false},"excerpt":{"rendered":"<p>En Ecuador hay cinco incendios que contin\u00faan en el pa\u00eds. La mayor\u00eda de los flagelos afectan a las provincias del norte. Con corte a hoy lunes, 23 de septiembre de 2024, seg\u00fan datos de la Secretar\u00eda Nacional de Gesti\u00f3n de Riesgos. De ellos, tres est\u00e1n controlados y dos est\u00e1n activos.\u00a0<\/p>\n","protected":false},"author":1,"featured_media":28445,"comment_status":"open","ping_status":"open","sticky":false,"template":"","format":"standard","meta":{"footnotes":""},"categories":[20,83],"tags":[23],"class_list":["post-28444","post","type-post","status-publish","format-standard","has-post-thumbnail","hentry","category-portada-2","category-sucesos","tag-ecuador"],"_links":{"self":[{"href":"https:\/\/elmercuriomanta.ec\/index.php\/wp-json\/wp\/v2\/posts\/28444","targetHints":{"allow":["GET"]}}],"collection":[{"href":"https:\/\/elmercuriomanta.ec\/index.php\/wp-json\/wp\/v2\/posts"}],"about":[{"href":"https:\/\/elmercuriomanta.ec\/index.php\/wp-json\/wp\/v2\/types\/post"}],"author":[{"embeddable":true,"href":"https:\/\/elmercuriomanta.ec\/index.php\/wp-json\/wp\/v2\/users\/1"}],"replies":[{"embeddable":true,"href":"https:\/\/elmercuriomanta.ec\/index.php\/wp-json\/wp\/v2\/comments?post=28444"}],"version-history":[{"count":1,"href":"https:\/\/elmercuriomanta.ec\/index.php\/wp-json\/wp\/v2\/posts\/28444\/revisions"}],"predecessor-version":[{"id":28446,"href":"https:\/\/elmercuriomanta.ec\/index.php\/wp-json\/wp\/v2\/posts\/28444\/revisions\/28446"}],"wp:featuredmedia":[{"embeddable":true,"href":"https:\/\/elmercuriomanta.ec\/index.php\/wp-json\/wp\/v2\/media\/28445"}],"wp:attachment":[{"href":"https:\/\/elmercuriomanta.ec\/index.php\/wp-json\/wp\/v2\/media?parent=28444"}],"wp:term":[{"taxonomy":"category","embeddable":true,"href":"https:\/\/elmercuriomanta.ec\/index.php\/wp-json\/wp\/v2\/categories?post=28444"},{"taxonomy":"post_tag","embeddable":true,"href":"https:\/\/elmercuriomanta.ec\/index.php\/wp-json\/wp\/v2\/tags?post=28444"}],"curies":[{"name":"wp","href":"https:\/\/api.w.org\/{rel}","templated":true}]}}