{"id":28433,"date":"2024-09-24T10:35:14","date_gmt":"2024-09-24T15:35:14","guid":{"rendered":"https:\/\/elmercuriomanta.ec\/?p=28433"},"modified":"2024-09-24T10:35:17","modified_gmt":"2024-09-24T15:35:17","slug":"hoy-se-realiza-la-procesion-de-la-virgen-de-la-merced-a-las-19h00","status":"publish","type":"post","link":"https:\/\/elmercuriomanta.ec\/index.php\/2024\/09\/24\/hoy-se-realiza-la-procesion-de-la-virgen-de-la-merced-a-las-19h00\/","title":{"rendered":"Hoy se realiza la procesi\u00f3n de la Virgen de la Merced a las 19h00"},"content":{"rendered":"\n<div class=\"wp-block-columns is-layout-flex wp-container-core-columns-is-layout-28f84493 wp-block-columns-is-layout-flex\">\n<div class=\"wp-block-column is-layout-flow wp-block-column-is-layout-flow\">\n<figure class=\"wp-block-image size-full\"><img fetchpriority=\"high\" decoding=\"async\" width=\"1019\" height=\"519\" src=\"https:\/\/elmercuriomanta.ec\/wp-content\/uploads\/2024\/09\/WhatsApp-Image-2024-09-24-at-10.33.38.jpeg\" alt=\"\" class=\"wp-image-28434\" srcset=\"https:\/\/elmercuriomanta.ec\/wp-content\/uploads\/2024\/09\/WhatsApp-Image-2024-09-24-at-10.33.38.jpeg 1019w, https:\/\/elmercuriomanta.ec\/wp-content\/uploads\/2024\/09\/WhatsApp-Image-2024-09-24-at-10.33.38-300x153.jpeg 300w, https:\/\/elmercuriomanta.ec\/wp-content\/uploads\/2024\/09\/WhatsApp-Image-2024-09-24-at-10.33.38-768x391.jpeg 768w\" sizes=\"(max-width: 1019px) 100vw, 1019px\" \/><\/figure>\n<\/div>\n\n\n\n<div class=\"wp-block-column is-layout-flow wp-block-column-is-layout-flow\">\n<figure class=\"wp-block-image size-large is-resized\"><img decoding=\"async\" width=\"1024\" height=\"545\" src=\"https:\/\/elmercuriomanta.ec\/wp-content\/uploads\/2024\/09\/WhatsApp-Image-2024-09-24-at-10.33.56-1024x545.jpeg\" alt=\"\" class=\"wp-image-28435\" style=\"width:346px;height:auto\" srcset=\"https:\/\/elmercuriomanta.ec\/wp-content\/uploads\/2024\/09\/WhatsApp-Image-2024-09-24-at-10.33.56-1024x545.jpeg 1024w, https:\/\/elmercuriomanta.ec\/wp-content\/uploads\/2024\/09\/WhatsApp-Image-2024-09-24-at-10.33.56-300x160.jpeg 300w, https:\/\/elmercuriomanta.ec\/wp-content\/uploads\/2024\/09\/WhatsApp-Image-2024-09-24-at-10.33.56-768x409.jpeg 768w, https:\/\/elmercuriomanta.ec\/wp-content\/uploads\/2024\/09\/WhatsApp-Image-2024-09-24-at-10.33.56.jpeg 1040w\" sizes=\"(max-width: 1024px) 100vw, 1024px\" \/><\/figure>\n<\/div>\n<\/div>\n\n\n\n<p>Decenas de creyentes participar\u00e1n hoy, 24 de septiembre de 2024, en la procesi\u00f3n en honor a las fiestas de la Virgen de La Merced desde las 19H00, la misma que se realizar\u00e1 por la calle 13.&nbsp;<\/p>\n\n\n\n<p>El p\u00e1rroco de la iglesia La Merced, Carlos Rivas conjuntamente con el coordinador, Jimmy Delgado, informaron que la procesi\u00f3n arranca a las 19h00 por la calle 14 hasta avenida 24, luego bajaron por la calle 14 hasta la iglesia.<\/p>\n\n\n\n<p>&nbsp;\u201cHacemos una cordial invitaci\u00f3n para que los feregrices acompa\u00f1en con sus respectivos cantos, plegarias y eucarist\u00eda, en el aniversario de la nuestra virgen de la Merced\u201d, dijo Rivas.<\/p>\n\n\n\n<p>&nbsp;Cale recalcar que primeramente se realizar\u00e1 una misa a las 18h00, posteriormente a la procesi\u00f3n, contamos con todos los requisitos, gracias a la aprobaci\u00f3n de la mesa de seguridad, subray\u00f3 Jimmy Delgado. Contamos con el respaldo de las autoridades de la ciudad, as\u00ed mismo de los grupos de la nuestra parroquia, estar\u00e1n presentes los elementos del Cuerpo de Bomberos, Agencia Municipal de Tr\u00e1nsito, Polic\u00eda Nacional.<\/p>\n","protected":false},"excerpt":{"rendered":"<p>Decenas de creyentes participar\u00e1n hoy, 24 de septiembre de 2024, en la procesi\u00f3n en honor a las fiestas de la Virgen de La Merced desde las 19H00, la misma que se realizar\u00e1 por la calle 13.\u00a0<\/p>\n","protected":false},"author":1,"featured_media":28435,"comment_status":"open","ping_status":"open","sticky":false,"template":"","format":"standard","meta":{"footnotes":""},"categories":[20,83],"tags":[23],"class_list":["post-28433","post","type-post","status-publish","format-standard","has-post-thumbnail","hentry","category-portada-2","category-sucesos","tag-ecuador"],"_links":{"self":[{"href":"https:\/\/elmercuriomanta.ec\/index.php\/wp-json\/wp\/v2\/posts\/28433","targetHints":{"allow":["GET"]}}],"collection":[{"href":"https:\/\/elmercuriomanta.ec\/index.php\/wp-json\/wp\/v2\/posts"}],"about":[{"href":"https:\/\/elmercuriomanta.ec\/index.php\/wp-json\/wp\/v2\/types\/post"}],"author":[{"embeddable":true,"href":"https:\/\/elmercuriomanta.ec\/index.php\/wp-json\/wp\/v2\/users\/1"}],"replies":[{"embeddable":true,"href":"https:\/\/elmercuriomanta.ec\/index.php\/wp-json\/wp\/v2\/comments?post=28433"}],"version-history":[{"count":2,"href":"https:\/\/elmercuriomanta.ec\/index.php\/wp-json\/wp\/v2\/posts\/28433\/revisions"}],"predecessor-version":[{"id":28459,"href":"https:\/\/elmercuriomanta.ec\/index.php\/wp-json\/wp\/v2\/posts\/28433\/revisions\/28459"}],"wp:featuredmedia":[{"embeddable":true,"href":"https:\/\/elmercuriomanta.ec\/index.php\/wp-json\/wp\/v2\/media\/28435"}],"wp:attachment":[{"href":"https:\/\/elmercuriomanta.ec\/index.php\/wp-json\/wp\/v2\/media?parent=28433"}],"wp:term":[{"taxonomy":"category","embeddable":true,"href":"https:\/\/elmercuriomanta.ec\/index.php\/wp-json\/wp\/v2\/categories?post=28433"},{"taxonomy":"post_tag","embeddable":true,"href":"https:\/\/elmercuriomanta.ec\/index.php\/wp-json\/wp\/v2\/tags?post=28433"}],"curies":[{"name":"wp","href":"https:\/\/api.w.org\/{rel}","templated":true}]}}