{"id":28426,"date":"2024-09-24T09:43:49","date_gmt":"2024-09-24T14:43:49","guid":{"rendered":"https:\/\/elmercuriomanta.ec\/?p=28426"},"modified":"2024-09-24T09:45:11","modified_gmt":"2024-09-24T14:45:11","slug":"empresario-inmobiliario-fallecio-tras-sufrir-un-ataque-armado","status":"publish","type":"post","link":"https:\/\/elmercuriomanta.ec\/index.php\/2024\/09\/24\/empresario-inmobiliario-fallecio-tras-sufrir-un-ataque-armado\/","title":{"rendered":"Empresario inmobiliario falleci\u00f3 tras sufrir un ataque en la v\u00eda a Daule"},"content":{"rendered":"\n<figure class=\"wp-block-image aligncenter size-large is-resized\"><img fetchpriority=\"high\" decoding=\"async\" width=\"1024\" height=\"646\" src=\"https:\/\/elmercuriomanta.ec\/wp-content\/uploads\/2024\/09\/image-280-1024x646.png\" alt=\"\" class=\"wp-image-28427\" style=\"width:357px;height:auto\" srcset=\"https:\/\/elmercuriomanta.ec\/wp-content\/uploads\/2024\/09\/image-280-1024x646.png 1024w, https:\/\/elmercuriomanta.ec\/wp-content\/uploads\/2024\/09\/image-280-300x189.png 300w, https:\/\/elmercuriomanta.ec\/wp-content\/uploads\/2024\/09\/image-280-768x485.png 768w, https:\/\/elmercuriomanta.ec\/wp-content\/uploads\/2024\/09\/image-280-1536x970.png 1536w, https:\/\/elmercuriomanta.ec\/wp-content\/uploads\/2024\/09\/image-280.png 1592w\" sizes=\"(max-width: 1024px) 100vw, 1024px\" \/><\/figure>\n\n\n\n<p>El empresario inmobiliario que fue v\u00edctima \u00a0un ataque armado en la zona de estacionamiento del Teatro Centro de Arte, en la v\u00eda a Daule, en el norte de Guayaquil, falleci\u00f3 en el hospital Los Ceibos.<\/p>\n\n\n\n<p>Las personas que fallecieron en este hecho violento son el empresario Alexis Andr\u00e9s Verduga Shaoul y su conductor y custodio, Fernando Danny Proa\u00f1o Alvarado y Jorge Eduardo Gallegos Acuria.<\/p>\n\n\n\n<p>Verduga era el \u00fanico sobreviviente del suceso, su conductor y su custodio murieron en el lugar.<\/p>\n\n\n\n<p>Seg\u00fan la Polic\u00eda Nacional, la causa del atentado se debe a un problema de invasiones de tierras. El empresario inmoviliario habr\u00eda recibido amenaza de personas que hab\u00edan invadido predios.<\/p>\n","protected":false},"excerpt":{"rendered":"<p>El empresario inmobiliario que fue v\u00edctima \u00a0un ataque armado en la zona de estacionamiento del Teatro Centro de Arte, en la v\u00eda a Daule, en el norte de Guayaquil, falleci\u00f3 en el hospital Los Ceibos.<\/p>\n","protected":false},"author":1,"featured_media":28427,"comment_status":"open","ping_status":"open","sticky":false,"template":"","format":"standard","meta":{"footnotes":""},"categories":[16],"tags":[91],"class_list":["post-28426","post","type-post","status-publish","format-standard","has-post-thumbnail","hentry","category-cronica","tag-cronica"],"_links":{"self":[{"href":"https:\/\/elmercuriomanta.ec\/index.php\/wp-json\/wp\/v2\/posts\/28426","targetHints":{"allow":["GET"]}}],"collection":[{"href":"https:\/\/elmercuriomanta.ec\/index.php\/wp-json\/wp\/v2\/posts"}],"about":[{"href":"https:\/\/elmercuriomanta.ec\/index.php\/wp-json\/wp\/v2\/types\/post"}],"author":[{"embeddable":true,"href":"https:\/\/elmercuriomanta.ec\/index.php\/wp-json\/wp\/v2\/users\/1"}],"replies":[{"embeddable":true,"href":"https:\/\/elmercuriomanta.ec\/index.php\/wp-json\/wp\/v2\/comments?post=28426"}],"version-history":[{"count":3,"href":"https:\/\/elmercuriomanta.ec\/index.php\/wp-json\/wp\/v2\/posts\/28426\/revisions"}],"predecessor-version":[{"id":28431,"href":"https:\/\/elmercuriomanta.ec\/index.php\/wp-json\/wp\/v2\/posts\/28426\/revisions\/28431"}],"wp:featuredmedia":[{"embeddable":true,"href":"https:\/\/elmercuriomanta.ec\/index.php\/wp-json\/wp\/v2\/media\/28427"}],"wp:attachment":[{"href":"https:\/\/elmercuriomanta.ec\/index.php\/wp-json\/wp\/v2\/media?parent=28426"}],"wp:term":[{"taxonomy":"category","embeddable":true,"href":"https:\/\/elmercuriomanta.ec\/index.php\/wp-json\/wp\/v2\/categories?post=28426"},{"taxonomy":"post_tag","embeddable":true,"href":"https:\/\/elmercuriomanta.ec\/index.php\/wp-json\/wp\/v2\/tags?post=28426"}],"curies":[{"name":"wp","href":"https:\/\/api.w.org\/{rel}","templated":true}]}}