{"id":28408,"date":"2024-09-23T17:01:37","date_gmt":"2024-09-23T22:01:37","guid":{"rendered":"https:\/\/elmercuriomanta.ec\/?p=28408"},"modified":"2024-09-23T17:01:40","modified_gmt":"2024-09-23T22:01:40","slug":"horarios-de-clases-en-ecuador-tras-el-anuncio-de-los-cortes-de-energia","status":"publish","type":"post","link":"https:\/\/elmercuriomanta.ec\/index.php\/2024\/09\/23\/horarios-de-clases-en-ecuador-tras-el-anuncio-de-los-cortes-de-energia\/","title":{"rendered":"Horarios de clases en Ecuador tras el anuncio de los cortes de energ\u00eda"},"content":{"rendered":"\n<figure class=\"wp-block-image aligncenter size-large is-resized\"><img fetchpriority=\"high\" decoding=\"async\" width=\"1024\" height=\"1024\" src=\"https:\/\/elmercuriomanta.ec\/wp-content\/uploads\/2024\/09\/Noticias-Redes-48-1024x1024.png\" alt=\"\" class=\"wp-image-28409\" style=\"width:346px;height:auto\" srcset=\"https:\/\/elmercuriomanta.ec\/wp-content\/uploads\/2024\/09\/Noticias-Redes-48-1024x1024.png 1024w, https:\/\/elmercuriomanta.ec\/wp-content\/uploads\/2024\/09\/Noticias-Redes-48-300x300.png 300w, https:\/\/elmercuriomanta.ec\/wp-content\/uploads\/2024\/09\/Noticias-Redes-48-150x150.png 150w, https:\/\/elmercuriomanta.ec\/wp-content\/uploads\/2024\/09\/Noticias-Redes-48-768x768.png 768w, https:\/\/elmercuriomanta.ec\/wp-content\/uploads\/2024\/09\/Noticias-Redes-48-1536x1536.png 1536w, https:\/\/elmercuriomanta.ec\/wp-content\/uploads\/2024\/09\/Noticias-Redes-48-2048x2048.png 2048w\" sizes=\"(max-width: 1024px) 100vw, 1024px\" \/><\/figure>\n\n\n\n<p>El Gobierno de Ecuador anunci\u00f3 una nueva redistribuci\u00f3n de los horarios de clases por los cortes de energ\u00eda.  Estos que inicialmente hab\u00eda previsto aplicar en horario nocturno a escala nacional desde este lunes, por la crisis de generaci\u00f3n en las centrales hidroel\u00e9ctricas afectadas por la sequ\u00eda. Ahora los cortes ser\u00e1n desde el 23 al 29 de septiembre a lo largo del d\u00eda, tarde, noche y madrugada.<\/p>\n\n\n\n<p>Esto ha requerido ajustes en los horarios de clases en las instituciones educativas. Estas disposiciones estar\u00e1n vigentes del lunes 23 al viernes 27 de septiembre y tienen como objetivo garantizar la continuidad de la educaci\u00f3n y la seguridad de los alumnos.<\/p>\n\n\n\n<p>Jornada matutina<br>Las clases para los estudiantes de la jornada matutina comenzar\u00e1n en el horario habitual desde el martes 24 de septiembre, sin cambios en el horario de ingreso y salida, de acuerdo con lo establecido por cada instituci\u00f3n.<\/p>\n\n\n\n<p>Jornada vespertina<br>El ingreso para los estudiantes de la tarde tampoco sufre modificaciones, pero la salida se ha fijado a las 17:00, permitiendo as\u00ed una mejor gesti\u00f3n ante las fluctuaciones en el suministro el\u00e9ctrico.<\/p>\n\n\n\n<p>Jornada nocturna<br>Para quienes cursan estudios en horario nocturno, se ha dispuesto que las clases sean impartidas de manera no presencial. Se habilitar\u00e1n recursos acad\u00e9micos y gu\u00edas pedag\u00f3gicas, y los docentes deber\u00e1n asegurar el acompa\u00f1amiento a los estudiantes a trav\u00e9s de v\u00edas alternativas de comunicaci\u00f3n. Sin embargo, surge la duda de que si los cortes son a toda hora, qu\u00e9 pasar\u00e1 con los alumnos que no cuenten con energ\u00eda en su horario de clases o c\u00f3mo ser\u00e1 la formato de sus clases.<\/p>\n\n\n\n<p><\/p>\n","protected":false},"excerpt":{"rendered":"<p>El Gobierno de Ecuador anunci\u00f3 una nueva redistribuci\u00f3n de los horarios de clases por los cortes de energ\u00eda. <\/p>\n","protected":false},"author":1,"featured_media":28409,"comment_status":"open","ping_status":"open","sticky":false,"template":"","format":"standard","meta":{"footnotes":""},"categories":[19],"tags":[23],"class_list":["post-28408","post","type-post","status-publish","format-standard","has-post-thumbnail","hentry","category-portada-1","tag-ecuador"],"_links":{"self":[{"href":"https:\/\/elmercuriomanta.ec\/index.php\/wp-json\/wp\/v2\/posts\/28408","targetHints":{"allow":["GET"]}}],"collection":[{"href":"https:\/\/elmercuriomanta.ec\/index.php\/wp-json\/wp\/v2\/posts"}],"about":[{"href":"https:\/\/elmercuriomanta.ec\/index.php\/wp-json\/wp\/v2\/types\/post"}],"author":[{"embeddable":true,"href":"https:\/\/elmercuriomanta.ec\/index.php\/wp-json\/wp\/v2\/users\/1"}],"replies":[{"embeddable":true,"href":"https:\/\/elmercuriomanta.ec\/index.php\/wp-json\/wp\/v2\/comments?post=28408"}],"version-history":[{"count":1,"href":"https:\/\/elmercuriomanta.ec\/index.php\/wp-json\/wp\/v2\/posts\/28408\/revisions"}],"predecessor-version":[{"id":28410,"href":"https:\/\/elmercuriomanta.ec\/index.php\/wp-json\/wp\/v2\/posts\/28408\/revisions\/28410"}],"wp:featuredmedia":[{"embeddable":true,"href":"https:\/\/elmercuriomanta.ec\/index.php\/wp-json\/wp\/v2\/media\/28409"}],"wp:attachment":[{"href":"https:\/\/elmercuriomanta.ec\/index.php\/wp-json\/wp\/v2\/media?parent=28408"}],"wp:term":[{"taxonomy":"category","embeddable":true,"href":"https:\/\/elmercuriomanta.ec\/index.php\/wp-json\/wp\/v2\/categories?post=28408"},{"taxonomy":"post_tag","embeddable":true,"href":"https:\/\/elmercuriomanta.ec\/index.php\/wp-json\/wp\/v2\/tags?post=28408"}],"curies":[{"name":"wp","href":"https:\/\/api.w.org\/{rel}","templated":true}]}}