{"id":28405,"date":"2024-09-23T16:05:15","date_gmt":"2024-09-23T21:05:15","guid":{"rendered":"https:\/\/elmercuriomanta.ec\/?p=28405"},"modified":"2024-09-23T16:05:17","modified_gmt":"2024-09-23T21:05:17","slug":"cuatro-personas-fueron-asesinadas-y-quemadas-este-22-de-septiembre","status":"publish","type":"post","link":"https:\/\/elmercuriomanta.ec\/index.php\/2024\/09\/23\/cuatro-personas-fueron-asesinadas-y-quemadas-este-22-de-septiembre\/","title":{"rendered":"Cuatro personas fueron asesinadas y quemadas este 22 de septiembre"},"content":{"rendered":"\n<figure class=\"wp-block-image aligncenter size-large is-resized\"><img fetchpriority=\"high\" decoding=\"async\" width=\"1024\" height=\"616\" src=\"https:\/\/elmercuriomanta.ec\/wp-content\/uploads\/2024\/09\/image-278-1024x616.png\" alt=\"\" class=\"wp-image-28406\" style=\"width:268px;height:auto\" srcset=\"https:\/\/elmercuriomanta.ec\/wp-content\/uploads\/2024\/09\/image-278-1024x616.png 1024w, https:\/\/elmercuriomanta.ec\/wp-content\/uploads\/2024\/09\/image-278-300x181.png 300w, https:\/\/elmercuriomanta.ec\/wp-content\/uploads\/2024\/09\/image-278-768x462.png 768w, https:\/\/elmercuriomanta.ec\/wp-content\/uploads\/2024\/09\/image-278.png 1170w\" sizes=\"(max-width: 1024px) 100vw, 1024px\" \/><\/figure>\n\n\n\n<p>Una ola de asesinatos vive la tarde de este domingo 22 de septiembre el cant\u00f3n Dur\u00e1n, en la provincia del Guayas. Esta localidad es considerada la segunda m\u00e1s peligrosa del pa\u00eds, luego de Guayaquil.<\/p>\n\n\n\n<p>&nbsp;Al menos cuatro personas han sido baleadas y posteriormente quemadas por un grupo de delincuencia organizada, asegur\u00f3 el teniente coronel Juan Carlos Barrionuevo, jefe policial del distrito Dur\u00e1n. Los cr\u00edmenes iniciaron alrededor de las 14:00 en la cooperativa Oramas Gonz\u00e1lez. Aqu\u00ed el conductor de una tricimoto fue emboscado, le propinaron varios disparos, le echaron combustible y le prendieron fuego. Minutos m\u00e1s tardes se repiti\u00f3 la escena, esta vez en la ciudadela Los Helechos. Barrionuevo detall\u00f3 que en una peatonal de la zona un autom\u00f3vil se estacion\u00f3 y esper\u00f3 que pasaran dos hombres a quienes, asimismo, balearon y calcinaron. \u00bfCu\u00e1l es el motivo de estos hechos violentos en Dur\u00e1n?<\/p>\n\n\n\n<p>&nbsp;El rastro de sangre sigui\u00f3 en la quinta etapa de la ciudadela el Recreo. En este sector otra persona sufri\u00f3 el mismo destino: acribillado y quemado a bordo de una motocicleta. Aqu\u00ed los familiares del fallecido estaban en el sitio, desesperados y llorando por el asesinato de su allegado.&nbsp;<\/p>\n\n\n\n<p>El jefe del Distrito indic\u00f3 que la ola de muertes estar\u00eda motivada por la eterna disputa de territorios entre los Latin King y los Chone Killers, los grupos terroristas que se disputan el dominio del cant\u00f3n donde, en lo que va del a\u00f1o, se registran al menos 350 muertes violentas. El oficial agreg\u00f3 que al menos uno de los cuatro fallecidos ten\u00eda antecedentes criminales, aunque se desconoc\u00eda si pertenec\u00eda a uno de estos grupos criminales.<\/p>\n","protected":false},"excerpt":{"rendered":"<p>Una ola de asesinatos vive la tarde de este domingo 22 de septiembre el cant\u00f3n Dur\u00e1n, en la provincia del Guayas. Esta localidad es considerada la segunda m\u00e1s peligrosa del pa\u00eds, luego de Guayaquil.<\/p>\n","protected":false},"author":1,"featured_media":28406,"comment_status":"open","ping_status":"open","sticky":false,"template":"","format":"standard","meta":{"footnotes":""},"categories":[16],"tags":[91],"class_list":["post-28405","post","type-post","status-publish","format-standard","has-post-thumbnail","hentry","category-cronica","tag-cronica"],"_links":{"self":[{"href":"https:\/\/elmercuriomanta.ec\/index.php\/wp-json\/wp\/v2\/posts\/28405","targetHints":{"allow":["GET"]}}],"collection":[{"href":"https:\/\/elmercuriomanta.ec\/index.php\/wp-json\/wp\/v2\/posts"}],"about":[{"href":"https:\/\/elmercuriomanta.ec\/index.php\/wp-json\/wp\/v2\/types\/post"}],"author":[{"embeddable":true,"href":"https:\/\/elmercuriomanta.ec\/index.php\/wp-json\/wp\/v2\/users\/1"}],"replies":[{"embeddable":true,"href":"https:\/\/elmercuriomanta.ec\/index.php\/wp-json\/wp\/v2\/comments?post=28405"}],"version-history":[{"count":1,"href":"https:\/\/elmercuriomanta.ec\/index.php\/wp-json\/wp\/v2\/posts\/28405\/revisions"}],"predecessor-version":[{"id":28407,"href":"https:\/\/elmercuriomanta.ec\/index.php\/wp-json\/wp\/v2\/posts\/28405\/revisions\/28407"}],"wp:featuredmedia":[{"embeddable":true,"href":"https:\/\/elmercuriomanta.ec\/index.php\/wp-json\/wp\/v2\/media\/28406"}],"wp:attachment":[{"href":"https:\/\/elmercuriomanta.ec\/index.php\/wp-json\/wp\/v2\/media?parent=28405"}],"wp:term":[{"taxonomy":"category","embeddable":true,"href":"https:\/\/elmercuriomanta.ec\/index.php\/wp-json\/wp\/v2\/categories?post=28405"},{"taxonomy":"post_tag","embeddable":true,"href":"https:\/\/elmercuriomanta.ec\/index.php\/wp-json\/wp\/v2\/tags?post=28405"}],"curies":[{"name":"wp","href":"https:\/\/api.w.org\/{rel}","templated":true}]}}