{"id":28397,"date":"2024-09-23T15:59:41","date_gmt":"2024-09-23T20:59:41","guid":{"rendered":"https:\/\/elmercuriomanta.ec\/?p=28397"},"modified":"2024-09-23T15:59:43","modified_gmt":"2024-09-23T20:59:43","slug":"muere-mario-gomez-uno-de-los-33-mineros-rescatados-en-el-derrumbe-de-la-mina-chilena","status":"publish","type":"post","link":"https:\/\/elmercuriomanta.ec\/index.php\/2024\/09\/23\/muere-mario-gomez-uno-de-los-33-mineros-rescatados-en-el-derrumbe-de-la-mina-chilena\/","title":{"rendered":"Muere Mario G\u00f3mez, uno de los 33 mineros rescatados en el derrumbe de la mina chilena"},"content":{"rendered":"\n<figure class=\"wp-block-image aligncenter size-large is-resized\"><img fetchpriority=\"high\" decoding=\"async\" width=\"1024\" height=\"692\" src=\"https:\/\/elmercuriomanta.ec\/wp-content\/uploads\/2024\/09\/image-276-1024x692.png\" alt=\"\" class=\"wp-image-28399\" style=\"width:186px;height:auto\" srcset=\"https:\/\/elmercuriomanta.ec\/wp-content\/uploads\/2024\/09\/image-276-1024x692.png 1024w, https:\/\/elmercuriomanta.ec\/wp-content\/uploads\/2024\/09\/image-276-300x203.png 300w, https:\/\/elmercuriomanta.ec\/wp-content\/uploads\/2024\/09\/image-276-768x519.png 768w, https:\/\/elmercuriomanta.ec\/wp-content\/uploads\/2024\/09\/image-276-1536x1039.png 1536w, https:\/\/elmercuriomanta.ec\/wp-content\/uploads\/2024\/09\/image-276-2048x1385.png 2048w\" sizes=\"(max-width: 1024px) 100vw, 1024px\" \/><\/figure>\n\n\n\n<p>Mario G\u00f3mez, uno de los 33 mineros rescatados de la mina San Jos\u00e9 en 2010, falleci\u00f3 este 21 de septiembre de 2024 a los 74 a\u00f1os. El chileno fue el mayor de los mineros que quedaron atrapados durante m\u00e1s de 60 d\u00edas a 700 metros de profundidad, en un rescate que capt\u00f3 la atenci\u00f3n mundial.<\/p>\n\n\n\n<p>&nbsp;La funeraria La Candelaria de Copiap\u00f3, ubicada en la regi\u00f3n de Atacama, inform\u00f3 de su fallecimiento a trav\u00e9s de redes sociales, aunque no especific\u00f3 las causas de su muerte. El rescate de los 33 mineros en Chile se convirti\u00f3 en un s\u00edmbolo de resiliencia y esperanza.&nbsp;<\/p>\n\n\n\n<p>G\u00f3mez, que ten\u00eda 63 a\u00f1os en el momento del derrumbe, fue el noveno en ser extra\u00eddo del yacimiento de oro y cobre el 13 de octubre de 2010. M\u00e1s de mil millones de personas siguieron el hist\u00f3rico rescate en internet, el cual fue un hito que despert\u00f3 el orgullo de todo un pa\u00eds.<\/p>\n","protected":false},"excerpt":{"rendered":"<p>Mario G\u00f3mez, uno de los 33 mineros rescatados de la mina San Jos\u00e9 en 2010, falleci\u00f3 este 21 de septiembre de 2024 a los 74 a\u00f1os. El chileno fue el mayor de los mineros que quedaron atrapados durante m\u00e1s de 60 d\u00edas a 700 metros de profundidad, en un rescate que capt\u00f3 la atenci\u00f3n mundial.<\/p>\n","protected":false},"author":1,"featured_media":28399,"comment_status":"open","ping_status":"open","sticky":false,"template":"","format":"standard","meta":{"footnotes":""},"categories":[8],"tags":[42],"class_list":["post-28397","post","type-post","status-publish","format-standard","has-post-thumbnail","hentry","category-internacional","tag-internacional"],"_links":{"self":[{"href":"https:\/\/elmercuriomanta.ec\/index.php\/wp-json\/wp\/v2\/posts\/28397","targetHints":{"allow":["GET"]}}],"collection":[{"href":"https:\/\/elmercuriomanta.ec\/index.php\/wp-json\/wp\/v2\/posts"}],"about":[{"href":"https:\/\/elmercuriomanta.ec\/index.php\/wp-json\/wp\/v2\/types\/post"}],"author":[{"embeddable":true,"href":"https:\/\/elmercuriomanta.ec\/index.php\/wp-json\/wp\/v2\/users\/1"}],"replies":[{"embeddable":true,"href":"https:\/\/elmercuriomanta.ec\/index.php\/wp-json\/wp\/v2\/comments?post=28397"}],"version-history":[{"count":1,"href":"https:\/\/elmercuriomanta.ec\/index.php\/wp-json\/wp\/v2\/posts\/28397\/revisions"}],"predecessor-version":[{"id":28400,"href":"https:\/\/elmercuriomanta.ec\/index.php\/wp-json\/wp\/v2\/posts\/28397\/revisions\/28400"}],"wp:featuredmedia":[{"embeddable":true,"href":"https:\/\/elmercuriomanta.ec\/index.php\/wp-json\/wp\/v2\/media\/28399"}],"wp:attachment":[{"href":"https:\/\/elmercuriomanta.ec\/index.php\/wp-json\/wp\/v2\/media?parent=28397"}],"wp:term":[{"taxonomy":"category","embeddable":true,"href":"https:\/\/elmercuriomanta.ec\/index.php\/wp-json\/wp\/v2\/categories?post=28397"},{"taxonomy":"post_tag","embeddable":true,"href":"https:\/\/elmercuriomanta.ec\/index.php\/wp-json\/wp\/v2\/tags?post=28397"}],"curies":[{"name":"wp","href":"https:\/\/api.w.org\/{rel}","templated":true}]}}