{"id":28394,"date":"2024-09-23T15:57:12","date_gmt":"2024-09-23T20:57:12","guid":{"rendered":"https:\/\/elmercuriomanta.ec\/?p=28394"},"modified":"2024-09-23T15:57:14","modified_gmt":"2024-09-23T20:57:14","slug":"brasil-enfrenta-la-peor-temporada-en-14-anos-con-incendios-record-en-el-amazonas","status":"publish","type":"post","link":"https:\/\/elmercuriomanta.ec\/index.php\/2024\/09\/23\/brasil-enfrenta-la-peor-temporada-en-14-anos-con-incendios-record-en-el-amazonas\/","title":{"rendered":"Brasil enfrenta la peor temporada en 14 a\u00f1os con incendios r\u00e9cord en el amazonas"},"content":{"rendered":"\n<figure class=\"wp-block-image aligncenter size-large is-resized\"><img fetchpriority=\"high\" decoding=\"async\" width=\"1024\" height=\"682\" src=\"https:\/\/elmercuriomanta.ec\/wp-content\/uploads\/2024\/09\/image-274-1024x682.png\" alt=\"\" class=\"wp-image-28395\" style=\"width:450px;height:auto\" srcset=\"https:\/\/elmercuriomanta.ec\/wp-content\/uploads\/2024\/09\/image-274-1024x682.png 1024w, https:\/\/elmercuriomanta.ec\/wp-content\/uploads\/2024\/09\/image-274-300x200.png 300w, https:\/\/elmercuriomanta.ec\/wp-content\/uploads\/2024\/09\/image-274-768x512.png 768w, https:\/\/elmercuriomanta.ec\/wp-content\/uploads\/2024\/09\/image-274-1536x1023.png 1536w, https:\/\/elmercuriomanta.ec\/wp-content\/uploads\/2024\/09\/image-274-2048x1364.png 2048w\" sizes=\"(max-width: 1024px) 100vw, 1024px\" \/><\/figure>\n\n\n\n<p>El estado de Amazonas, en Brasil, vivi\u00f3 en agosto de 2024 su peor temporada de incendios en 14 a\u00f1os, con m\u00e1s de 38,000 focos de calor registrados. Este n\u00famero representa un aumento del 120% respecto al mismo mes de 2023, destac\u00e1ndose el Municipio de Apu\u00ed, que concentr\u00f3 el 9.2% de estos focos en la regi\u00f3n amaz\u00f3nica.&nbsp;<\/p>\n\n\n\n<p>Los efectos del fuego y la humareda se extendieron a otras \u00e1reas del pa\u00eds, agravando las condiciones de calidad del aire en m\u00e1s de la mitad de las ciudades brasile\u00f1as. La prolongada temporada seca y el impacto del fen\u00f3meno El Ni\u00f1o han exacerbado la situaci\u00f3n, seg\u00fan expertos como Heitor Pinheiro y \u00c9rika Berenguer, quienes se\u00f1alan que el cambio clim\u00e1tico tambi\u00e9n ha tenido un rol clave en este escenario.&nbsp;<\/p>\n\n\n\n<p>A pesar de la prohibici\u00f3n de quemas en el sur del estado y la regi\u00f3n metropolitana de Manaos, las autoridades locales han enfrentado dificultades para controlar los incendios, debido a la falta de recursos suficientes y la limitada acci\u00f3n de los gobiernos.&nbsp;<\/p>\n\n\n\n<p>El gobernador Wilson Lima declar\u00f3 el estado de Emergencia Ambiental en 22 ciudades y solicit\u00f3 apoyo del gobierno federal para combatir los incendios. Sin embargo, las brigadas voluntarias y los equipos estatales apenas han logrado contener una fracci\u00f3n de los focos de incendio, mientras que la deforestaci\u00f3n y la expansi\u00f3n agr\u00edcola contin\u00faan siendo los principales motores detr\u00e1s de estas quemas.&nbsp;<\/p>\n","protected":false},"excerpt":{"rendered":"<p>El estado de Amazonas, en Brasil, vivi\u00f3 en agosto de 2024 su peor temporada de incendios en 14 a\u00f1os, con m\u00e1s de 38,000 focos de calor registrados. Este n\u00famero representa un aumento del 120% respecto al mismo mes de 2023, destac\u00e1ndose el Municipio de Apu\u00ed, que concentr\u00f3 el 9.2% de estos focos en la regi\u00f3n amaz\u00f3nica.\u00a0<\/p>\n","protected":false},"author":1,"featured_media":28395,"comment_status":"open","ping_status":"open","sticky":false,"template":"","format":"standard","meta":{"footnotes":""},"categories":[8],"tags":[42],"class_list":["post-28394","post","type-post","status-publish","format-standard","has-post-thumbnail","hentry","category-internacional","tag-internacional"],"_links":{"self":[{"href":"https:\/\/elmercuriomanta.ec\/index.php\/wp-json\/wp\/v2\/posts\/28394","targetHints":{"allow":["GET"]}}],"collection":[{"href":"https:\/\/elmercuriomanta.ec\/index.php\/wp-json\/wp\/v2\/posts"}],"about":[{"href":"https:\/\/elmercuriomanta.ec\/index.php\/wp-json\/wp\/v2\/types\/post"}],"author":[{"embeddable":true,"href":"https:\/\/elmercuriomanta.ec\/index.php\/wp-json\/wp\/v2\/users\/1"}],"replies":[{"embeddable":true,"href":"https:\/\/elmercuriomanta.ec\/index.php\/wp-json\/wp\/v2\/comments?post=28394"}],"version-history":[{"count":1,"href":"https:\/\/elmercuriomanta.ec\/index.php\/wp-json\/wp\/v2\/posts\/28394\/revisions"}],"predecessor-version":[{"id":28396,"href":"https:\/\/elmercuriomanta.ec\/index.php\/wp-json\/wp\/v2\/posts\/28394\/revisions\/28396"}],"wp:featuredmedia":[{"embeddable":true,"href":"https:\/\/elmercuriomanta.ec\/index.php\/wp-json\/wp\/v2\/media\/28395"}],"wp:attachment":[{"href":"https:\/\/elmercuriomanta.ec\/index.php\/wp-json\/wp\/v2\/media?parent=28394"}],"wp:term":[{"taxonomy":"category","embeddable":true,"href":"https:\/\/elmercuriomanta.ec\/index.php\/wp-json\/wp\/v2\/categories?post=28394"},{"taxonomy":"post_tag","embeddable":true,"href":"https:\/\/elmercuriomanta.ec\/index.php\/wp-json\/wp\/v2\/tags?post=28394"}],"curies":[{"name":"wp","href":"https:\/\/api.w.org\/{rel}","templated":true}]}}