{"id":28358,"date":"2024-09-23T09:18:33","date_gmt":"2024-09-23T14:18:33","guid":{"rendered":"https:\/\/elmercuriomanta.ec\/?p=28358"},"modified":"2024-09-23T09:18:35","modified_gmt":"2024-09-23T14:18:35","slug":"celebracion-del-dia-del-orgullo-ecuatoriano-2024-bajo-el-lema-un-pais-que-nos-inspira","status":"publish","type":"post","link":"https:\/\/elmercuriomanta.ec\/index.php\/2024\/09\/23\/celebracion-del-dia-del-orgullo-ecuatoriano-2024-bajo-el-lema-un-pais-que-nos-inspira\/","title":{"rendered":"\u00a0Celebraci\u00f3n del d\u00eda del orgullo ecuatoriano 2024 bajo el lema \u00abun pa\u00eds que nos inspira\u00bb"},"content":{"rendered":"\n<figure class=\"wp-block-image aligncenter size-full is-resized\"><img fetchpriority=\"high\" decoding=\"async\" width=\"900\" height=\"400\" src=\"https:\/\/elmercuriomanta.ec\/wp-content\/uploads\/2024\/09\/image-264.png\" alt=\"\" class=\"wp-image-28359\" style=\"width:282px;height:auto\" srcset=\"https:\/\/elmercuriomanta.ec\/wp-content\/uploads\/2024\/09\/image-264.png 900w, https:\/\/elmercuriomanta.ec\/wp-content\/uploads\/2024\/09\/image-264-300x133.png 300w, https:\/\/elmercuriomanta.ec\/wp-content\/uploads\/2024\/09\/image-264-768x341.png 768w\" sizes=\"(max-width: 900px) 100vw, 900px\" \/><\/figure>\n\n\n\n<p>La Corporaci\u00f3n Mucho Mejor Ecuador se prepara para celebrar la sexta edici\u00f3n del D\u00eda del Orgullo Ecuatoriano el pr\u00f3ximo cuarto viernes de septiembre, con la enriquecedora tem\u00e1tica \u00abUn pa\u00eds que nos inspira\u00bb. Desde su inicio en 2019, esta iniciativa ha buscado promover el orgullo nacional y resaltar las m\u00faltiples facetas que hacen grande a Ecuador.&nbsp;<\/p>\n\n\n\n<p>El Gobierno Nacional, mediante el Decreto Ejecutivo No. 555 desde 2022, ha oficializado este d\u00eda como fiesta nacional, con el objetivo de impulsar la identidad nacional y promover la calidad de la producci\u00f3n local.&nbsp;<\/p>\n\n\n\n<p>La campa\u00f1a del D\u00eda del Orgullo Ecuatoriano 2024 se enfocar\u00e1 en cuatro ejes principales:<\/p>\n\n\n\n<p>1. *Unidos somos tricolor:* Invita a los ciudadanos a vestir los colores de la bandera ecuatoriana y compartir en redes sociales sus razones para sentir orgullo por el pa\u00eds. Se anima a colocar banderas nacionales en lugares visibles como muestra de uni\u00f3n patri\u00f3tica.<\/p>\n\n\n\n<p>2. *Promociones Tricolor:* La plataforma www.ofertastricolor.com se convertir\u00e1 en un catalizador de ofertas especiales de marcas ecuatorianas para el D\u00eda del Orgullo Ecuatoriano. Esta iniciativa busca potenciar el consumo local y brindar visibilidad a las marcas nacionales.<\/p>\n\n\n\n<p>3. *Recorrido equipo del orgullo ecuatoriano:* Se invita a las empresas a celebrar con sus colaboradores a trav\u00e9s de actividades especiales que fomenten el esp\u00edritu nacional, como vestir tricolor y representar s\u00edmbolos patrios.<\/p>\n\n\n\n<p>4. *Ciudades del Orgullo Ecuatoriano:* Por segundo a\u00f1o consecutivo, se convoca a ciudades ecuatorianas a participar en la iniciativa \u00abCiudad del Orgullo\u00bb, destacando sus cualidades \u00fanicas y visti\u00e9ndolas de tricolor para mostrar su potencial desarrollo.<\/p>\n\n\n\n<p>En este contexto, recordamos que el futuro de Ecuador est\u00e1 en nuestras manos. Consumir productos nacionales fortalece la econom\u00eda y genera bienestar para las familias. El D\u00eda del Orgullo Ecuatoriano es una oportunidad para celebrar nuestra diversidad, cultura y talento, enalteciendo el orgullo de ser ecuatorianos.<\/p>\n\n\n\n<p>Cada a\u00f1o, m\u00e1s empresas se suman a esta celebraci\u00f3n, demostrando su compromiso con el pa\u00eds. La preferencia por productos locales est\u00e1 en aumento, generando oportunidades de crecimiento y desarrollo para todos los ecuatorianos.<\/p>\n\n\n\n<p>En tiempos dif\u00edciles, recordamos la importancia de unirnos como naci\u00f3n y celebrar todo lo que nos hace \u00fanicos. El D\u00eda del Orgullo Ecuatoriano es una plataforma para compartir noticias positivas y enaltecer el esp\u00edritu nacional.<\/p>\n\n\n\n<p>Desde atletas destacados hasta artesanos talentosos, cada ecuatoriano es una fuente de inspiraci\u00f3n. Celebremos juntos el potencial de nuestro pa\u00eds y sint\u00e1monos orgullosos de nuestra identidad nacional.<\/p>\n\n\n\n<p>El D\u00eda del Orgullo Ecuatoriano es un recordatorio de la importancia de cuidar y promover nuestra industria nacional, motor de empleo y progreso para cada familia ecuatoriana. Unidos, fortalecemos la competitividad empresarial y construimos un Ecuador m\u00e1s pr\u00f3spero para todos.<\/p>\n","protected":false},"excerpt":{"rendered":"<p>La Corporaci\u00f3n Mucho Mejor Ecuador se prepara para celebrar la sexta edici\u00f3n del D\u00eda del Orgullo Ecuatoriano el pr\u00f3ximo cuarto viernes de septiembre, con la enriquecedora tem\u00e1tica \u00abUn pa\u00eds que nos inspira\u00bb. Desde su inicio en 2019, esta iniciativa ha buscado promover el orgullo nacional y resaltar las m\u00faltiples facetas que hacen grande a Ecuador.\u00a0<\/p>\n","protected":false},"author":1,"featured_media":28359,"comment_status":"open","ping_status":"open","sticky":false,"template":"","format":"standard","meta":{"footnotes":""},"categories":[21],"tags":[23],"class_list":["post-28358","post","type-post","status-publish","format-standard","has-post-thumbnail","hentry","category-noticia-del-dia","tag-ecuador"],"_links":{"self":[{"href":"https:\/\/elmercuriomanta.ec\/index.php\/wp-json\/wp\/v2\/posts\/28358","targetHints":{"allow":["GET"]}}],"collection":[{"href":"https:\/\/elmercuriomanta.ec\/index.php\/wp-json\/wp\/v2\/posts"}],"about":[{"href":"https:\/\/elmercuriomanta.ec\/index.php\/wp-json\/wp\/v2\/types\/post"}],"author":[{"embeddable":true,"href":"https:\/\/elmercuriomanta.ec\/index.php\/wp-json\/wp\/v2\/users\/1"}],"replies":[{"embeddable":true,"href":"https:\/\/elmercuriomanta.ec\/index.php\/wp-json\/wp\/v2\/comments?post=28358"}],"version-history":[{"count":1,"href":"https:\/\/elmercuriomanta.ec\/index.php\/wp-json\/wp\/v2\/posts\/28358\/revisions"}],"predecessor-version":[{"id":28360,"href":"https:\/\/elmercuriomanta.ec\/index.php\/wp-json\/wp\/v2\/posts\/28358\/revisions\/28360"}],"wp:featuredmedia":[{"embeddable":true,"href":"https:\/\/elmercuriomanta.ec\/index.php\/wp-json\/wp\/v2\/media\/28359"}],"wp:attachment":[{"href":"https:\/\/elmercuriomanta.ec\/index.php\/wp-json\/wp\/v2\/media?parent=28358"}],"wp:term":[{"taxonomy":"category","embeddable":true,"href":"https:\/\/elmercuriomanta.ec\/index.php\/wp-json\/wp\/v2\/categories?post=28358"},{"taxonomy":"post_tag","embeddable":true,"href":"https:\/\/elmercuriomanta.ec\/index.php\/wp-json\/wp\/v2\/tags?post=28358"}],"curies":[{"name":"wp","href":"https:\/\/api.w.org\/{rel}","templated":true}]}}