{"id":28340,"date":"2024-09-22T15:51:45","date_gmt":"2024-09-22T20:51:45","guid":{"rendered":"https:\/\/elmercuriomanta.ec\/?p=28340"},"modified":"2024-09-22T15:51:46","modified_gmt":"2024-09-22T20:51:46","slug":"uno-de-los-procesados-en-el-caso-metastasis-sufrio-un-secuestro","status":"publish","type":"post","link":"https:\/\/elmercuriomanta.ec\/index.php\/2024\/09\/22\/uno-de-los-procesados-en-el-caso-metastasis-sufrio-un-secuestro\/","title":{"rendered":"Uno de los procesados en el Caso Met\u00e1stasis sufri\u00f3 un secuestro"},"content":{"rendered":"\n<figure class=\"wp-block-image aligncenter size-large is-resized\"><img fetchpriority=\"high\" decoding=\"async\" width=\"1024\" height=\"512\" src=\"https:\/\/elmercuriomanta.ec\/wp-content\/uploads\/2024\/09\/image-261-1024x512.png\" alt=\"\" class=\"wp-image-28341\" style=\"width:516px;height:auto\" srcset=\"https:\/\/elmercuriomanta.ec\/wp-content\/uploads\/2024\/09\/image-261-1024x512.png 1024w, https:\/\/elmercuriomanta.ec\/wp-content\/uploads\/2024\/09\/image-261-300x150.png 300w, https:\/\/elmercuriomanta.ec\/wp-content\/uploads\/2024\/09\/image-261-768x384.png 768w, https:\/\/elmercuriomanta.ec\/wp-content\/uploads\/2024\/09\/image-261.png 1200w\" sizes=\"(max-width: 1024px) 100vw, 1024px\" \/><\/figure>\n\n\n\n<p>El abogado Kevin P., uno de los procesados en el caso Met\u00e1stasis, fue secuestrado la madrugada del viernes 20 de septiembre en el sur de Guayaquil, seg\u00fan detalla un parte policial. En su versi\u00f3n, Kevin P. relata que, aproximadamente a las 00:10, fue en su veh\u00edculo hasta la Terminal Terrestre de Guayaquil para recoger a un \u201cciudadano afroecuatoriano\u201d, quien le solicit\u00f3 que lo traslade hasta la parroquia Progreso, en la V\u00eda a la Costa. No obstante, le pidi\u00f3 hacer una parada previa en el sector La Chala, sur de Guayaquil, para recoger a un compa\u00f1ero. En el sitio, dice, llegaron otros sujetos, lo enca\u00f1onaron con un arma y lo secuestraron.<\/p>\n\n\n\n<p>Luego fue llevado hasta una casa en donde \u201cme maniataron de pies y cabeza, coloc\u00e1ndome por ratos unas gafas, las cuales me quit\u00e9 varias veces mientras estuve retenido\u201d. \u00bfC\u00f3mo lo encontraron? Mientras, la Polic\u00eda detalla en su parte que la esposa de Kevin P. les manifest\u00f3 que no le contestaba las llamadas y que su auto estaba abandonado en Dur\u00e1n. Desde ah\u00ed, los agentes hicieron un trazado de ruta y ubicaron una vivienda en Leonidas Plaza y Domingo Savio. Tras notar una actitud sospechosa en los individuos que se asomaron por la ventana, ingresaron y dos personas salieron huyendo. Una de las cuales ten\u00eda un arma de fuego y logr\u00f3 ser detenida. A su vez, liberaron al reh\u00e9n. \u00bfQui\u00e9n es Kevin P.? Kevin P. es se\u00f1alado por Fiscal\u00eda de \u201cviabilizar la compra de la justicia y los fraudes procesales planificados para obtener libertad e impunidad a favor de la banda\u201d de Leandro Norero. El viernes, el abogado de Kevin P. coment\u00f3 al juez, en la audiencia preparatoria de juicio, que su cliente estaba secuestrado y pidi\u00f3 dilatar su intervenci\u00f3n para el final.<\/p>\n","protected":false},"excerpt":{"rendered":"<p>El abogado Kevin P., uno de los procesados en el caso Met\u00e1stasis, fue secuestrado la madrugada del viernes 20 de septiembre en el sur de Guayaquil, seg\u00fan detalla un parte policial. En su versi\u00f3n, Kevin P. relata que, aproximadamente a las 00:10, fue en su veh\u00edculo hasta la Terminal Terrestre de Guayaquil para recoger a un \u201cciudadano afroecuatoriano\u201d, quien le solicit\u00f3 que lo traslade hasta la parroquia Progreso, en la V\u00eda a la Costa. No obstante, le pidi\u00f3 hacer una parada previa en el sector La Chala, sur de Guayaquil, para recoger a un compa\u00f1ero. En el sitio, dice, llegaron otros sujetos, lo enca\u00f1onaron con un arma y lo secuestraron.<\/p>\n<p>Luego fue llevado hasta una casa en donde \u201cme maniataron de pies y cabeza, coloc\u00e1ndome por ratos unas gafas, las cuales me quit\u00e9 varias veces mientras estuve retenido\u201d. \u00bfC\u00f3mo lo encontraron? Mientras, la Polic\u00eda detalla en su parte que la esposa de Kevin P. les manifest\u00f3 que no le contestaba las llamadas y que su auto estaba abandonado en Dur\u00e1n. Desde ah\u00ed, los agentes hicieron un trazado de ruta y ubicaron una vivienda en Leonidas Plaza y Domingo Savio. Tras notar una actitud sospechosa en los individuos que se asomaron por la ventana, ingresaron y dos personas salieron huyendo. Una de las cuales ten\u00eda un arma de fuego y logr\u00f3 ser detenida. A su vez, liberaron al reh\u00e9n. \u00bfQui\u00e9n es Kevin P.? Kevin P. es se\u00f1alado por Fiscal\u00eda de \u201cviabilizar la compra de la justicia y los fraudes procesales planificados para obtener libertad e impunidad a favor de la banda\u201d de Leandro Norero. El viernes, el abogado de Kevin P. coment\u00f3 al juez, en la audiencia preparatoria de juicio, que su cliente estaba secuestrado y pidi\u00f3 dilatar su intervenci\u00f3n para el final.<\/p>\n","protected":false},"author":1,"featured_media":28341,"comment_status":"open","ping_status":"open","sticky":false,"template":"","format":"standard","meta":{"footnotes":""},"categories":[83],"tags":[],"class_list":["post-28340","post","type-post","status-publish","format-standard","has-post-thumbnail","hentry","category-sucesos"],"_links":{"self":[{"href":"https:\/\/elmercuriomanta.ec\/index.php\/wp-json\/wp\/v2\/posts\/28340","targetHints":{"allow":["GET"]}}],"collection":[{"href":"https:\/\/elmercuriomanta.ec\/index.php\/wp-json\/wp\/v2\/posts"}],"about":[{"href":"https:\/\/elmercuriomanta.ec\/index.php\/wp-json\/wp\/v2\/types\/post"}],"author":[{"embeddable":true,"href":"https:\/\/elmercuriomanta.ec\/index.php\/wp-json\/wp\/v2\/users\/1"}],"replies":[{"embeddable":true,"href":"https:\/\/elmercuriomanta.ec\/index.php\/wp-json\/wp\/v2\/comments?post=28340"}],"version-history":[{"count":1,"href":"https:\/\/elmercuriomanta.ec\/index.php\/wp-json\/wp\/v2\/posts\/28340\/revisions"}],"predecessor-version":[{"id":28342,"href":"https:\/\/elmercuriomanta.ec\/index.php\/wp-json\/wp\/v2\/posts\/28340\/revisions\/28342"}],"wp:featuredmedia":[{"embeddable":true,"href":"https:\/\/elmercuriomanta.ec\/index.php\/wp-json\/wp\/v2\/media\/28341"}],"wp:attachment":[{"href":"https:\/\/elmercuriomanta.ec\/index.php\/wp-json\/wp\/v2\/media?parent=28340"}],"wp:term":[{"taxonomy":"category","embeddable":true,"href":"https:\/\/elmercuriomanta.ec\/index.php\/wp-json\/wp\/v2\/categories?post=28340"},{"taxonomy":"post_tag","embeddable":true,"href":"https:\/\/elmercuriomanta.ec\/index.php\/wp-json\/wp\/v2\/tags?post=28340"}],"curies":[{"name":"wp","href":"https:\/\/api.w.org\/{rel}","templated":true}]}}