{"id":28337,"date":"2024-09-22T15:48:56","date_gmt":"2024-09-22T20:48:56","guid":{"rendered":"https:\/\/elmercuriomanta.ec\/?p=28337"},"modified":"2024-09-22T15:48:59","modified_gmt":"2024-09-22T20:48:59","slug":"el-embalse-de-mazar-esta-a-punto-de-llegar-al-minimo-de-su-operacion","status":"publish","type":"post","link":"https:\/\/elmercuriomanta.ec\/index.php\/2024\/09\/22\/el-embalse-de-mazar-esta-a-punto-de-llegar-al-minimo-de-su-operacion\/","title":{"rendered":"El Embalse de Mazar est\u00e1 a punto de llegar al m\u00ednimo de su operaci\u00f3n"},"content":{"rendered":"\n<figure class=\"wp-block-image aligncenter size-full is-resized\"><img fetchpriority=\"high\" decoding=\"async\" width=\"825\" height=\"600\" src=\"https:\/\/elmercuriomanta.ec\/wp-content\/uploads\/2024\/09\/image-260.png\" alt=\"\" class=\"wp-image-28338\" style=\"width:395px;height:auto\" srcset=\"https:\/\/elmercuriomanta.ec\/wp-content\/uploads\/2024\/09\/image-260.png 825w, https:\/\/elmercuriomanta.ec\/wp-content\/uploads\/2024\/09\/image-260-300x218.png 300w, https:\/\/elmercuriomanta.ec\/wp-content\/uploads\/2024\/09\/image-260-768x559.png 768w\" sizes=\"(max-width: 825px) 100vw, 825px\" \/><\/figure>\n\n\n\n<p>El embalse de Mazar est\u00e1 a punto de llegar al m\u00ednimo que requiere para su operaci\u00f3n: 2 115 metros sobre el nivel del mar (msnm). Si baja de esa medida, la central hidroel\u00e9ctrica del mismo nombre, Mazar, saldr\u00e1 de funcionamiento y con eso dejar\u00e1 de entregar al pa\u00eds 170 megavatios. Aunque no es todo. Desde las 01:00 de este s\u00e1bado 21 de septiembre, su nivel de agua (cota) se ubicaba en 2 117,88 (msnm). Pero con el transcurso de las horas se ha venido reduciendo paulatinamente. A las 15:00 ya registra 2 116,82. Con este ritmo puede llegar a su punto m\u00ednimo de operaci\u00f3n el domingo 22 o m\u00e1ximo el lunes 23 de septiembre. Si se fuerza el funcionamiento de la hidroel\u00e9ctrica Mazar con esas condiciones se pueden da\u00f1ar sus turbinas por los sedimentos que arrastra.<\/p>\n\n\n\n<p><strong>\u00bfPOR QU\u00c9 ES IMPORTANTE LA REPRESA DE MAZAR?<\/strong> La represa de Mazar es estrat\u00e9gica para el Ecuador, pues esta alimenta a la represa de Amaluza, la cual a su vez alimenta a las hidroel\u00e9ctricas Paute-Molino y Sopladora. Tanto Mazar, Paute-Molino y Sopladora entregan al pa\u00eds 1 756 megavatios, alrededor del 38 % de energ\u00eda de la demanda nacional. En otras palabras, sin la represa de Mazar estas hidroel\u00e9ctricas se ver\u00e1n afectadas y por ende proveer\u00e1n de menos energ\u00eda el\u00e9ctrica. De esta manera, los apagones no solo que estar\u00e1n garantizados, sino que pueden agudizarlos, es decir, que sean m\u00e1s prolongados. \u201cEl embalse Mazar sirve para acumular agua durante el periodo lluvioso para que sea utilizado durante el periodo de estiaje. Mientras vamos vaciando el volumen de Mazar, la situaci\u00f3n es cada vez m\u00e1s cr\u00edtica, porque nos estamos quedando sin agua para generar energ\u00eda en Mazar, Molino y Sopladora\u201d, indica el experto energ\u00e9tico, Ricardo Buitr\u00f3n. \u201cSi llegamos al m\u00ednimo de operaci\u00f3n pueden existir apagones mucho m\u00e1s prolongados. La crisis en el sector no solamente es por el agua. Hay que ver cu\u00e1nto est\u00e1n produciendo las termoel\u00e9ctricas\u201d, se\u00f1ala el consultor energ\u00e9tico, Dar\u00edo D\u00e1valos.<\/p>\n","protected":false},"excerpt":{"rendered":"<p>El embalse de Mazar est\u00e1 a punto de llegar al m\u00ednimo que requiere para su operaci\u00f3n: 2 115 metros sobre el nivel del mar (msnm). Si baja de esa medida, la central hidroel\u00e9ctrica del mismo nombre, Mazar, saldr\u00e1 de funcionamiento y con eso dejar\u00e1 de entregar al pa\u00eds 170 megavatios. Aunque no es todo. Desde las 01:00 de este s\u00e1bado 21 de septiembre, su nivel de agua (cota) se ubicaba en 2 117,88 (msnm). Pero con el transcurso de las horas se ha venido reduciendo paulatinamente. A las 15:00 ya registra 2 116,82. Con este ritmo puede llegar a su punto m\u00ednimo de operaci\u00f3n el domingo 22 o m\u00e1ximo el lunes 23 de septiembre. Si se fuerza el funcionamiento de la hidroel\u00e9ctrica Mazar con esas condiciones se pueden da\u00f1ar sus turbinas por los sedimentos que arrastra.<\/p>\n<p>\u00bfPOR QU\u00c9 ES IMPORTANTE LA REPRESA DE MAZAR? La represa de Mazar es estrat\u00e9gica para el Ecuador, pues esta alimenta a la represa de Amaluza, la cual a su vez alimenta a las hidroel\u00e9ctricas Paute-Molino y Sopladora. Tanto Mazar, Paute-Molino y Sopladora entregan al pa\u00eds 1 756 megavatios, alrededor del 38 % de energ\u00eda de la demanda nacional. En otras palabras, sin la represa de Mazar estas hidroel\u00e9ctricas se ver\u00e1n afectadas y por ende proveer\u00e1n de menos energ\u00eda el\u00e9ctrica. De esta manera, los apagones no solo que estar\u00e1n garantizados, sino que pueden agudizarlos, es decir, que sean m\u00e1s prolongados. \u201cEl embalse Mazar sirve para acumular agua durante el periodo lluvioso para que sea utilizado durante el periodo de estiaje. Mientras vamos vaciando el volumen de Mazar, la situaci\u00f3n es cada vez m\u00e1s cr\u00edtica, porque nos estamos quedando sin agua para generar energ\u00eda en Mazar, Molino y Sopladora\u201d, indica el experto energ\u00e9tico, Ricardo Buitr\u00f3n. \u201cSi llegamos al m\u00ednimo de operaci\u00f3n pueden existir apagones mucho m\u00e1s prolongados. La crisis en el sector no solamente es por el agua. Hay que ver cu\u00e1nto est\u00e1n produciendo las termoel\u00e9ctricas\u201d, se\u00f1ala el consultor energ\u00e9tico, Dar\u00edo D\u00e1valos.<\/p>\n","protected":false},"author":1,"featured_media":28338,"comment_status":"open","ping_status":"open","sticky":false,"template":"","format":"standard","meta":{"footnotes":""},"categories":[83],"tags":[23],"class_list":["post-28337","post","type-post","status-publish","format-standard","has-post-thumbnail","hentry","category-sucesos","tag-ecuador"],"_links":{"self":[{"href":"https:\/\/elmercuriomanta.ec\/index.php\/wp-json\/wp\/v2\/posts\/28337","targetHints":{"allow":["GET"]}}],"collection":[{"href":"https:\/\/elmercuriomanta.ec\/index.php\/wp-json\/wp\/v2\/posts"}],"about":[{"href":"https:\/\/elmercuriomanta.ec\/index.php\/wp-json\/wp\/v2\/types\/post"}],"author":[{"embeddable":true,"href":"https:\/\/elmercuriomanta.ec\/index.php\/wp-json\/wp\/v2\/users\/1"}],"replies":[{"embeddable":true,"href":"https:\/\/elmercuriomanta.ec\/index.php\/wp-json\/wp\/v2\/comments?post=28337"}],"version-history":[{"count":1,"href":"https:\/\/elmercuriomanta.ec\/index.php\/wp-json\/wp\/v2\/posts\/28337\/revisions"}],"predecessor-version":[{"id":28339,"href":"https:\/\/elmercuriomanta.ec\/index.php\/wp-json\/wp\/v2\/posts\/28337\/revisions\/28339"}],"wp:featuredmedia":[{"embeddable":true,"href":"https:\/\/elmercuriomanta.ec\/index.php\/wp-json\/wp\/v2\/media\/28338"}],"wp:attachment":[{"href":"https:\/\/elmercuriomanta.ec\/index.php\/wp-json\/wp\/v2\/media?parent=28337"}],"wp:term":[{"taxonomy":"category","embeddable":true,"href":"https:\/\/elmercuriomanta.ec\/index.php\/wp-json\/wp\/v2\/categories?post=28337"},{"taxonomy":"post_tag","embeddable":true,"href":"https:\/\/elmercuriomanta.ec\/index.php\/wp-json\/wp\/v2\/tags?post=28337"}],"curies":[{"name":"wp","href":"https:\/\/api.w.org\/{rel}","templated":true}]}}