{"id":28321,"date":"2024-09-22T11:29:21","date_gmt":"2024-09-22T16:29:21","guid":{"rendered":"https:\/\/elmercuriomanta.ec\/?p=28321"},"modified":"2024-09-22T11:29:23","modified_gmt":"2024-09-22T16:29:23","slug":"artistas-locales-rendiran-homenaje-a-la-virgen-de-la-merced","status":"publish","type":"post","link":"https:\/\/elmercuriomanta.ec\/index.php\/2024\/09\/22\/artistas-locales-rendiran-homenaje-a-la-virgen-de-la-merced\/","title":{"rendered":"Artistas locales rendir\u00e1n homenaje a la Virgen de la Merced"},"content":{"rendered":"\n<figure class=\"wp-block-image aligncenter size-full is-resized\"><img fetchpriority=\"high\" decoding=\"async\" width=\"250\" height=\"300\" src=\"https:\/\/elmercuriomanta.ec\/wp-content\/uploads\/2024\/09\/image-255.png\" alt=\"\" class=\"wp-image-28322\" style=\"width:383px;height:auto\"\/><\/figure>\n\n\n\n<p>Este domingo 22 de septiembre, a las 20h30, se llevar\u00e1 a cabo la Serenata en honor a la Virgen de la Merced, patrona de los portovejenses, en la explanada de la iglesia de La Merced. El evento, que originalmente estaba programado para el lunes 23 de septiembre, fue adelantado debido a los cortes el\u00e9ctricos y el toque de queda.<\/p>\n\n\n\n<p>El homenaje contar\u00e1 con la participaci\u00f3n de artistas como el Mariachi M\u00e9xico Lindo, el Tr\u00edo Sensaci\u00f3n, el Coro Infantil del Centro de Artes Municipal Marina Castro de Andrade, y el Coro L\u00edrico Ciudad de Portoviejo. Durante una rueda de prensa, presidida por Juan Jij\u00f3n en representaci\u00f3n de la Alcald\u00eda de Portoviejo, N\u00e9stor Su\u00e1rez, p\u00e1rroco de La Merced, y Manuel Barcia, Director T\u00e9cnico Zonal 4 del INPC, se inform\u00f3 que se espera la asistencia de entre 1.500 y 2.000 personas al evento. La Alcald\u00eda de Portoviejo, en conjunto con la Iglesia de La Merced, organiza este emotivo homenaje, que forma parte de las celebraciones religiosas y culturales de la ciudad.<\/p>\n","protected":false},"excerpt":{"rendered":"<p>Este domingo 22 de septiembre, a las 20h30, se llevar\u00e1 a cabo la Serenata en honor a la Virgen de la Merced, patrona de los portovejenses, en la explanada de la iglesia de La Merced. El evento, que originalmente estaba programado para el lunes 23 de septiembre, fue adelantado debido a los cortes el\u00e9ctricos y el toque de queda.<\/p>\n<p>El homenaje contar\u00e1 con la participaci\u00f3n de artistas como el Mariachi M\u00e9xico Lindo, el Tr\u00edo Sensaci\u00f3n, el Coro Infantil del Centro de Artes Municipal Marina Castro de Andrade, y el Coro L\u00edrico Ciudad de Portoviejo. Durante una rueda de prensa, presidida por Juan Jij\u00f3n en representaci\u00f3n de la Alcald\u00eda de Portoviejo, N\u00e9stor Su\u00e1rez, p\u00e1rroco de La Merced, y Manuel Barcia, Director T\u00e9cnico Zonal 4 del INPC, se inform\u00f3 que se espera la asistencia de entre 1.500 y 2.000 personas al evento. La Alcald\u00eda de Portoviejo, en conjunto con la Iglesia de La Merced, organiza este emotivo homenaje, que forma parte de las celebraciones religiosas y culturales de la ciudad.<\/p>\n","protected":false},"author":1,"featured_media":28322,"comment_status":"open","ping_status":"open","sticky":false,"template":"","format":"standard","meta":{"footnotes":""},"categories":[1],"tags":[29,38],"class_list":["post-28321","post","type-post","status-publish","format-standard","has-post-thumbnail","hentry","category-uncategorized","tag-manabi","tag-manta"],"_links":{"self":[{"href":"https:\/\/elmercuriomanta.ec\/index.php\/wp-json\/wp\/v2\/posts\/28321","targetHints":{"allow":["GET"]}}],"collection":[{"href":"https:\/\/elmercuriomanta.ec\/index.php\/wp-json\/wp\/v2\/posts"}],"about":[{"href":"https:\/\/elmercuriomanta.ec\/index.php\/wp-json\/wp\/v2\/types\/post"}],"author":[{"embeddable":true,"href":"https:\/\/elmercuriomanta.ec\/index.php\/wp-json\/wp\/v2\/users\/1"}],"replies":[{"embeddable":true,"href":"https:\/\/elmercuriomanta.ec\/index.php\/wp-json\/wp\/v2\/comments?post=28321"}],"version-history":[{"count":1,"href":"https:\/\/elmercuriomanta.ec\/index.php\/wp-json\/wp\/v2\/posts\/28321\/revisions"}],"predecessor-version":[{"id":28323,"href":"https:\/\/elmercuriomanta.ec\/index.php\/wp-json\/wp\/v2\/posts\/28321\/revisions\/28323"}],"wp:featuredmedia":[{"embeddable":true,"href":"https:\/\/elmercuriomanta.ec\/index.php\/wp-json\/wp\/v2\/media\/28322"}],"wp:attachment":[{"href":"https:\/\/elmercuriomanta.ec\/index.php\/wp-json\/wp\/v2\/media?parent=28321"}],"wp:term":[{"taxonomy":"category","embeddable":true,"href":"https:\/\/elmercuriomanta.ec\/index.php\/wp-json\/wp\/v2\/categories?post=28321"},{"taxonomy":"post_tag","embeddable":true,"href":"https:\/\/elmercuriomanta.ec\/index.php\/wp-json\/wp\/v2\/tags?post=28321"}],"curies":[{"name":"wp","href":"https:\/\/api.w.org\/{rel}","templated":true}]}}