{"id":28318,"date":"2024-09-22T11:19:51","date_gmt":"2024-09-22T16:19:51","guid":{"rendered":"https:\/\/elmercuriomanta.ec\/?p=28318"},"modified":"2024-09-22T11:19:53","modified_gmt":"2024-09-22T16:19:53","slug":"ministerio-de-energia-fija-horarios-para-que-empresas-puedan-encender-sus-generadores","status":"publish","type":"post","link":"https:\/\/elmercuriomanta.ec\/index.php\/2024\/09\/22\/ministerio-de-energia-fija-horarios-para-que-empresas-puedan-encender-sus-generadores\/","title":{"rendered":"Ministerio de Energ\u00eda fija horarios para que empresas puedan encender sus generadores"},"content":{"rendered":"\n<figure class=\"wp-block-image aligncenter size-large is-resized\"><img fetchpriority=\"high\" decoding=\"async\" width=\"1024\" height=\"576\" src=\"https:\/\/elmercuriomanta.ec\/wp-content\/uploads\/2024\/09\/image-254-1024x576.png\" alt=\"\" class=\"wp-image-28319\" style=\"width:525px;height:auto\" srcset=\"https:\/\/elmercuriomanta.ec\/wp-content\/uploads\/2024\/09\/image-254-1024x576.png 1024w, https:\/\/elmercuriomanta.ec\/wp-content\/uploads\/2024\/09\/image-254-300x169.png 300w, https:\/\/elmercuriomanta.ec\/wp-content\/uploads\/2024\/09\/image-254-768x432.png 768w, https:\/\/elmercuriomanta.ec\/wp-content\/uploads\/2024\/09\/image-254-1536x864.png 1536w, https:\/\/elmercuriomanta.ec\/wp-content\/uploads\/2024\/09\/image-254.png 1920w\" sizes=\"(max-width: 1024px) 100vw, 1024px\" \/><\/figure>\n\n\n\n<p>El Ministerio de Energ\u00eda estableci\u00f3 los horarios para que las empresas puedan encender sus propios generadores de electricidad este s\u00e1bado 21 de septiembre del 2024 y as\u00ed ayudar a reducir la demanda nacional. A trav\u00e9s de un comunicado, el Gobierno Nacional agradeci\u00f3 el aporte que ha entregado el sector privado durante la emergencia el\u00e9ctrica y solicit\u00f3 \u00abcontinuar brindado este apoyo encendiendo sus generadores y reduciendo la demanda de la red nacional.<\/p>\n\n\n\n<p>El Operador Nacional de Electricidad (Cenace) arm\u00f3 una planificaci\u00f3n para que las empresas puedan encender sus generadores el\u00e9ctricos a partir de este 21 de septiembre del 2024, en los siguientes horarios.<\/p>\n\n\n\n<p>\u2022 H o r a r i o sugerido: 13:00 a 21:00<\/p>\n\n\n\n<p>\u2022 H o r a r i o indispensable: 16:00 a 21:00<\/p>\n\n\n\n<p>\u2022 El Ministerio de Energ\u00eda se\u00f1al\u00f3 que, seg\u00fan la regulaci\u00f3n Arconel 003\/24, el sector privado tiene la posibilidad de aportar a la generaci\u00f3n el\u00e9ctrica en per\u00edodos de d\u00e9ficit.<\/p>\n\n\n\n<p>\u2022 A cambio, las empresas recibir\u00e1n una compensaci\u00f3n en la factura que toma en cuenta los costos de combustible, operaci\u00f3n y mantenimiento.<\/p>\n\n\n\n<p>Seg\u00fan la Cartera de Estado, el aporte privado representa hasta 300mw de generaci\u00f3n el\u00e9ctrica.<\/p>\n","protected":false},"excerpt":{"rendered":"<p>El Ministerio de Energ\u00eda estableci\u00f3 los horarios para que las empresas puedan encender sus propios generadores de electricidad este s\u00e1bado 21 de septiembre del 2024 y as\u00ed ayudar a reducir la demanda nacional. A trav\u00e9s de un comunicado, el Gobierno Nacional agradeci\u00f3 el aporte que ha entregado el sector privado durante la emergencia el\u00e9ctrica y solicit\u00f3 \u00abcontinuar brindado este apoyo encendiendo sus generadores y reduciendo la demanda de la red nacional.<\/p>\n<p>El Operador Nacional de Electricidad (Cenace) arm\u00f3 una planificaci\u00f3n para que las empresas puedan encender sus generadores el\u00e9ctricos a partir de este 21 de septiembre del 2024, en los siguientes horarios.<\/p>\n<p>\u2022 H o r a r i o sugerido: 13:00 a 21:00<\/p>\n<p>\u2022 H o r a r i o indispensable: 16:00 a 21:00<\/p>\n<p>\u2022 El Ministerio de Energ\u00eda se\u00f1al\u00f3 que, seg\u00fan la regulaci\u00f3n Arconel 003\/24, el sector privado tiene la posibilidad de aportar a la generaci\u00f3n el\u00e9ctrica en per\u00edodos de d\u00e9ficit.<\/p>\n<p>\u2022 A cambio, las empresas recibir\u00e1n una compensaci\u00f3n en la factura que toma en cuenta los costos de combustible, operaci\u00f3n y mantenimiento.<\/p>\n<p>Seg\u00fan la Cartera de Estado, el aporte privado representa hasta 300mw de generaci\u00f3n el\u00e9ctrica.<\/p>\n","protected":false},"author":1,"featured_media":28319,"comment_status":"open","ping_status":"open","sticky":false,"template":"","format":"standard","meta":{"footnotes":""},"categories":[21],"tags":[23,29,38],"class_list":["post-28318","post","type-post","status-publish","format-standard","has-post-thumbnail","hentry","category-noticia-del-dia","tag-ecuador","tag-manabi","tag-manta"],"_links":{"self":[{"href":"https:\/\/elmercuriomanta.ec\/index.php\/wp-json\/wp\/v2\/posts\/28318","targetHints":{"allow":["GET"]}}],"collection":[{"href":"https:\/\/elmercuriomanta.ec\/index.php\/wp-json\/wp\/v2\/posts"}],"about":[{"href":"https:\/\/elmercuriomanta.ec\/index.php\/wp-json\/wp\/v2\/types\/post"}],"author":[{"embeddable":true,"href":"https:\/\/elmercuriomanta.ec\/index.php\/wp-json\/wp\/v2\/users\/1"}],"replies":[{"embeddable":true,"href":"https:\/\/elmercuriomanta.ec\/index.php\/wp-json\/wp\/v2\/comments?post=28318"}],"version-history":[{"count":1,"href":"https:\/\/elmercuriomanta.ec\/index.php\/wp-json\/wp\/v2\/posts\/28318\/revisions"}],"predecessor-version":[{"id":28320,"href":"https:\/\/elmercuriomanta.ec\/index.php\/wp-json\/wp\/v2\/posts\/28318\/revisions\/28320"}],"wp:featuredmedia":[{"embeddable":true,"href":"https:\/\/elmercuriomanta.ec\/index.php\/wp-json\/wp\/v2\/media\/28319"}],"wp:attachment":[{"href":"https:\/\/elmercuriomanta.ec\/index.php\/wp-json\/wp\/v2\/media?parent=28318"}],"wp:term":[{"taxonomy":"category","embeddable":true,"href":"https:\/\/elmercuriomanta.ec\/index.php\/wp-json\/wp\/v2\/categories?post=28318"},{"taxonomy":"post_tag","embeddable":true,"href":"https:\/\/elmercuriomanta.ec\/index.php\/wp-json\/wp\/v2\/tags?post=28318"}],"curies":[{"name":"wp","href":"https:\/\/api.w.org\/{rel}","templated":true}]}}