{"id":28315,"date":"2024-09-22T11:11:20","date_gmt":"2024-09-22T16:11:20","guid":{"rendered":"https:\/\/elmercuriomanta.ec\/?p=28315"},"modified":"2024-09-22T11:11:23","modified_gmt":"2024-09-22T16:11:23","slug":"hay-un-deficit-de-un-23-de-maiz-segun-industriales","status":"publish","type":"post","link":"https:\/\/elmercuriomanta.ec\/index.php\/2024\/09\/22\/hay-un-deficit-de-un-23-de-maiz-segun-industriales\/","title":{"rendered":"Hay un d\u00e9ficit de un 23 % de ma\u00edz seg\u00fan industriales"},"content":{"rendered":"\n<figure class=\"wp-block-image aligncenter size-full is-resized\"><img fetchpriority=\"high\" decoding=\"async\" width=\"753\" height=\"418\" src=\"https:\/\/elmercuriomanta.ec\/wp-content\/uploads\/2024\/09\/image-253.png\" alt=\"\" class=\"wp-image-28316\" style=\"width:470px;height:auto\" srcset=\"https:\/\/elmercuriomanta.ec\/wp-content\/uploads\/2024\/09\/image-253.png 753w, https:\/\/elmercuriomanta.ec\/wp-content\/uploads\/2024\/09\/image-253-300x167.png 300w\" sizes=\"(max-width: 753px) 100vw, 753px\" \/><\/figure>\n\n\n\n<p>La producci\u00f3n anual normal de ma\u00edz en Ecuador ha sido de entre 1,3 y 1,4 millones de toneladas. En el 2024 se estima un cosecha de aproximadamente 1 mill\u00f3n de toneladas, es decir entre 23 % y un 29 % menos, dice la Asociaci\u00f3n de Productores de Alimentos Balanceados (Aprobal). El gremio asegura que pagar m\u00e1s de 20 d\u00f3lares el quintal del grano y la falta del producto va a reducir la producci\u00f3n de aves, cerdos y de alimentos balanceados. Varios factores han incidido en esa reducci\u00f3n que se origina tanto en una menor \u00e1rea sembrada como en menores rendimientos obtenidos. Entre los principales est\u00e1n:<\/p>\n\n\n\n<p>\u2022 Temor de los producttores a los posibles efectos de El Ni\u00f1o.<\/p>\n\n\n\n<p>\u2022 Falta de dinero del peque\u00f1o agricultor, endeudamiento con BanEcuador y con otras fuentes de cr\u00e9dito.<\/p>\n\n\n\n<p>\u2022 Utilizaci\u00f3n de semilla reciclada y bajos niveles de fertilizaci\u00f3n por escasez de capital.<\/p>\n\n\n\n<p>\u2022 La sequ\u00eda provocada por La Ni\u00f1a que ha afectado la cosecha veranera de Los R\u00edos.<\/p>\n\n\n\n<p>\u2022 La reconversi\u00f3n de extensas \u00e1reas de ma\u00edz al cultivo del cacao.<\/p>\n\n\n\n<p>Se estima que existen alrededor de 20.000 hect\u00e1reas de ma\u00edz en Los R\u00edos reconvertidas al cacao. Solo esto representa 110.000 toneladas menos de ma\u00edz por a\u00f1o en esta provincia. Aprobal insiste en la necesidad de tomar medidas urgentes para mitigar los efectos de esta crisis. Se ha intentado demostrar t\u00e9cnicamente la escasez existente a las autoridades, haciendo un llamado a observar la situaci\u00f3n del mercado , los precios y las necesidades de los peque\u00f1os productores y de la industria. \u201cSin embargo, las autoridades han postergado decisiones cr\u00edticas, dejando sin soluci\u00f3n un problema que afecta directamente a la producci\u00f3n de prote\u00edna animal y de alimentos balanceados\u201d, indic\u00f3 el gremio mediante un comunicado.<\/p>\n","protected":false},"excerpt":{"rendered":"<p>La producci\u00f3n anual normal de ma\u00edz en Ecuador ha sido de entre 1,3 y 1,4 millones de toneladas. En el 2024 se estima un cosecha de aproximadamente 1 mill\u00f3n de toneladas, es decir entre 23 % y un 29 % menos, dice la Asociaci\u00f3n de Productores de Alimentos Balanceados (Aprobal). El gremio asegura que pagar m\u00e1s de 20 d\u00f3lares el quintal del grano y la falta del producto va a reducir la producci\u00f3n de aves, cerdos y de alimentos balanceados. Varios factores han incidido en esa reducci\u00f3n que se origina tanto en una menor \u00e1rea sembrada como en menores rendimientos obtenidos. Entre los principales est\u00e1n:<\/p>\n<p>\u2022 Temor de los producttores a los posibles efectos de El Ni\u00f1o.<\/p>\n<p>\u2022 Falta de dinero del peque\u00f1o agricultor, endeudamiento con BanEcuador y con otras fuentes de cr\u00e9dito.<\/p>\n<p>\u2022 Utilizaci\u00f3n de semilla reciclada y bajos niveles de fertilizaci\u00f3n por escasez de capital.<\/p>\n<p>\u2022 La sequ\u00eda provocada por La Ni\u00f1a que ha afectado la cosecha veranera de Los R\u00edos.<\/p>\n<p>\u2022 La reconversi\u00f3n de extensas \u00e1reas de ma\u00edz al cultivo del cacao.<\/p>\n<p>Se estima que existen alrededor de 20.000 hect\u00e1reas de ma\u00edz en Los R\u00edos reconvertidas al cacao. Solo esto representa 110.000 toneladas menos de ma\u00edz por a\u00f1o en esta provincia. Aprobal insiste en la necesidad de tomar medidas urgentes para mitigar los efectos de esta crisis. Se ha intentado demostrar t\u00e9cnicamente la escasez existente a las autoridades, haciendo un llamado a observar la situaci\u00f3n del mercado , los precios y las necesidades de los peque\u00f1os productores y de la industria. \u201cSin embargo, las autoridades han postergado decisiones cr\u00edticas, dejando sin soluci\u00f3n un problema que afecta directamente a la producci\u00f3n de prote\u00edna animal y de alimentos balanceados\u201d, indic\u00f3 el gremio mediante un comunicado.<\/p>\n","protected":false},"author":1,"featured_media":28316,"comment_status":"open","ping_status":"open","sticky":false,"template":"","format":"standard","meta":{"footnotes":""},"categories":[19],"tags":[23,29],"class_list":["post-28315","post","type-post","status-publish","format-standard","has-post-thumbnail","hentry","category-portada-1","tag-ecuador","tag-manabi"],"_links":{"self":[{"href":"https:\/\/elmercuriomanta.ec\/index.php\/wp-json\/wp\/v2\/posts\/28315","targetHints":{"allow":["GET"]}}],"collection":[{"href":"https:\/\/elmercuriomanta.ec\/index.php\/wp-json\/wp\/v2\/posts"}],"about":[{"href":"https:\/\/elmercuriomanta.ec\/index.php\/wp-json\/wp\/v2\/types\/post"}],"author":[{"embeddable":true,"href":"https:\/\/elmercuriomanta.ec\/index.php\/wp-json\/wp\/v2\/users\/1"}],"replies":[{"embeddable":true,"href":"https:\/\/elmercuriomanta.ec\/index.php\/wp-json\/wp\/v2\/comments?post=28315"}],"version-history":[{"count":1,"href":"https:\/\/elmercuriomanta.ec\/index.php\/wp-json\/wp\/v2\/posts\/28315\/revisions"}],"predecessor-version":[{"id":28317,"href":"https:\/\/elmercuriomanta.ec\/index.php\/wp-json\/wp\/v2\/posts\/28315\/revisions\/28317"}],"wp:featuredmedia":[{"embeddable":true,"href":"https:\/\/elmercuriomanta.ec\/index.php\/wp-json\/wp\/v2\/media\/28316"}],"wp:attachment":[{"href":"https:\/\/elmercuriomanta.ec\/index.php\/wp-json\/wp\/v2\/media?parent=28315"}],"wp:term":[{"taxonomy":"category","embeddable":true,"href":"https:\/\/elmercuriomanta.ec\/index.php\/wp-json\/wp\/v2\/categories?post=28315"},{"taxonomy":"post_tag","embeddable":true,"href":"https:\/\/elmercuriomanta.ec\/index.php\/wp-json\/wp\/v2\/tags?post=28315"}],"curies":[{"name":"wp","href":"https:\/\/api.w.org\/{rel}","templated":true}]}}