{"id":28312,"date":"2024-09-22T10:27:42","date_gmt":"2024-09-22T15:27:42","guid":{"rendered":"https:\/\/elmercuriomanta.ec\/?p=28312"},"modified":"2024-09-22T10:27:45","modified_gmt":"2024-09-22T15:27:45","slug":"los-apagones-empezaran-desde-este-domingo-22-de-septiembre","status":"publish","type":"post","link":"https:\/\/elmercuriomanta.ec\/index.php\/2024\/09\/22\/los-apagones-empezaran-desde-este-domingo-22-de-septiembre\/","title":{"rendered":"Los Apagones Empezar\u00e1n desde este Domingo 22 de Septiembre"},"content":{"rendered":"\n<figure class=\"wp-block-image aligncenter size-large is-resized\"><img fetchpriority=\"high\" decoding=\"async\" width=\"1024\" height=\"576\" src=\"https:\/\/elmercuriomanta.ec\/wp-content\/uploads\/2024\/09\/image-252-1024x576.png\" alt=\"\" class=\"wp-image-28313\" style=\"width:448px;height:auto\" srcset=\"https:\/\/elmercuriomanta.ec\/wp-content\/uploads\/2024\/09\/image-252-1024x576.png 1024w, https:\/\/elmercuriomanta.ec\/wp-content\/uploads\/2024\/09\/image-252-300x169.png 300w, https:\/\/elmercuriomanta.ec\/wp-content\/uploads\/2024\/09\/image-252-768x432.png 768w, https:\/\/elmercuriomanta.ec\/wp-content\/uploads\/2024\/09\/image-252.png 1191w\" sizes=\"(max-width: 1024px) 100vw, 1024px\" \/><\/figure>\n\n\n\n<p>El Comit\u00e9 de Operaciones de Emergencia (COE) Nacional anunci\u00f3 en una rueda de prensa que los apagones empezar\u00e1n desde este domingo 22 de septiembre \u201cen zonas determinadas\u201d. Los horarios se confirmar\u00e1n en las pr\u00f3ximas horas por el Ministerio de Energ\u00eda. Asimismo, el organismo sesionar\u00e1 el domingo desde Mazar. Se lo dijo despu\u00e9s de que se oficializara, desde la ciudad de Cuenca, la declaratoria de alerta roja en 19 de las 24 provincias de Ecuador por la extrema sequ\u00eda, la cual provoca d\u00e9ficit h\u00eddrico, incendios forestales, afectaciones a la agricultura, al sistema de producci\u00f3n hidroel\u00e9ctrico, disponibilidad de agua y seguridad y soberan\u00eda alimentaria.<\/p>\n\n\n\n<p>Estas provincias son: 1) Azuay 2) Bol\u00edvar 3) Ca\u00f1ar 4) Carchi 5) Cotopaxi 6) El Oro 7) Imbabura 8) Loja 9) Manab\u00ed 10) Morona Santiago 11) Napo 12) Orellana 13) Pastaza 14) Pichincha 15) Santa Elena 16) Sucumb\u00edos 17) Tungurahua 18) Gal\u00e1pagos 19) Zamora Chinchipe Otras medidas ordenadas 1). Los 19 GAD provinciales deben desarrollar acciones para responder al d\u00e9ficit h\u00eddrico y los incendios forestales. Cuatro provincias se sumaron a la alerta roja La ministra de Ambiente, In\u00e9s Manzano, presidi\u00f3 la mesa en la que est\u00e1n presentes otras autoridades del ECU 911, Inamhi, Riesgos, Gobernaci\u00f3n de Azuay, Ministerio de Energ\u00eda, Ministerio de Gobierno, Fuerzas Armadas, Ministerio del Interior, Ministerio de Defensa, Ministerio de Salud, Ministerio de Educaci\u00f3n, Ministerio de Producci\u00f3n, Ministerio de Vivienda, Ministerio de Turismo, Ministerio de Finanzas, entre otros.<\/p>\n","protected":false},"excerpt":{"rendered":"<p>El Comit\u00e9 de Operaciones de Emergencia (COE) Nacional anunci\u00f3 en una rueda de prensa que los apagones empezar\u00e1n desde este domingo 22 de septiembre \u201cen zonas determinadas\u201d. Los horarios se confirmar\u00e1n en las pr\u00f3ximas horas por el Ministerio de Energ\u00eda. Asimismo, el organismo sesionar\u00e1 el domingo desde Mazar. Se lo dijo despu\u00e9s de que se oficializara, desde la ciudad de Cuenca, la declaratoria de alerta roja en 19 de las 24 provincias de Ecuador por la extrema sequ\u00eda, la cual provoca d\u00e9ficit h\u00eddrico, incendios forestales, afectaciones a la agricultura, al sistema de producci\u00f3n hidroel\u00e9ctrico, disponibilidad de agua y seguridad y soberan\u00eda alimentaria.<\/p>\n<p>Estas provincias son: 1) Azuay 2) Bol\u00edvar 3) Ca\u00f1ar 4) Carchi 5) Cotopaxi 6) El Oro 7) Imbabura 8) Loja 9) Manab\u00ed 10) Morona Santiago 11) Napo 12) Orellana 13) Pastaza 14) Pichincha 15) Santa Elena 16) Sucumb\u00edos 17) Tungurahua 18) Gal\u00e1pagos 19) Zamora Chinchipe Otras medidas ordenadas 1). Los 19 GAD provinciales deben desarrollar acciones para responder al d\u00e9ficit h\u00eddrico y los incendios forestales. Cuatro provincias se sumaron a la alerta roja La ministra de Ambiente, In\u00e9s Manzano, presidi\u00f3 la mesa en la que est\u00e1n presentes otras autoridades del ECU 911, Inamhi, Riesgos, Gobernaci\u00f3n de Azuay, Ministerio de Energ\u00eda, Ministerio de Gobierno, Fuerzas Armadas, Ministerio del Interior, Ministerio de Defensa, Ministerio de Salud, Ministerio de Educaci\u00f3n, Ministerio de Producci\u00f3n, Ministerio de Vivienda, Ministerio de Turismo, Ministerio de Finanzas, entre otros.<\/p>\n","protected":false},"author":1,"featured_media":28313,"comment_status":"open","ping_status":"open","sticky":false,"template":"","format":"standard","meta":{"footnotes":""},"categories":[20],"tags":[29],"class_list":["post-28312","post","type-post","status-publish","format-standard","has-post-thumbnail","hentry","category-portada-2","tag-manabi"],"_links":{"self":[{"href":"https:\/\/elmercuriomanta.ec\/index.php\/wp-json\/wp\/v2\/posts\/28312","targetHints":{"allow":["GET"]}}],"collection":[{"href":"https:\/\/elmercuriomanta.ec\/index.php\/wp-json\/wp\/v2\/posts"}],"about":[{"href":"https:\/\/elmercuriomanta.ec\/index.php\/wp-json\/wp\/v2\/types\/post"}],"author":[{"embeddable":true,"href":"https:\/\/elmercuriomanta.ec\/index.php\/wp-json\/wp\/v2\/users\/1"}],"replies":[{"embeddable":true,"href":"https:\/\/elmercuriomanta.ec\/index.php\/wp-json\/wp\/v2\/comments?post=28312"}],"version-history":[{"count":1,"href":"https:\/\/elmercuriomanta.ec\/index.php\/wp-json\/wp\/v2\/posts\/28312\/revisions"}],"predecessor-version":[{"id":28314,"href":"https:\/\/elmercuriomanta.ec\/index.php\/wp-json\/wp\/v2\/posts\/28312\/revisions\/28314"}],"wp:featuredmedia":[{"embeddable":true,"href":"https:\/\/elmercuriomanta.ec\/index.php\/wp-json\/wp\/v2\/media\/28313"}],"wp:attachment":[{"href":"https:\/\/elmercuriomanta.ec\/index.php\/wp-json\/wp\/v2\/media?parent=28312"}],"wp:term":[{"taxonomy":"category","embeddable":true,"href":"https:\/\/elmercuriomanta.ec\/index.php\/wp-json\/wp\/v2\/categories?post=28312"},{"taxonomy":"post_tag","embeddable":true,"href":"https:\/\/elmercuriomanta.ec\/index.php\/wp-json\/wp\/v2\/tags?post=28312"}],"curies":[{"name":"wp","href":"https:\/\/api.w.org\/{rel}","templated":true}]}}