{"id":28277,"date":"2024-09-21T15:26:48","date_gmt":"2024-09-21T20:26:48","guid":{"rendered":"https:\/\/elmercuriomanta.ec\/?p=28277"},"modified":"2024-09-21T15:26:50","modified_gmt":"2024-09-21T20:26:50","slug":"arranca-proceso-para-incorporar-100-megavatios-termicos-en-san-juan-de-manta","status":"publish","type":"post","link":"https:\/\/elmercuriomanta.ec\/index.php\/2024\/09\/21\/arranca-proceso-para-incorporar-100-megavatios-termicos-en-san-juan-de-manta\/","title":{"rendered":"Arranca Proceso para Incorporar 100 Megavatios T\u00e9rmicos en San Juan de Manta"},"content":{"rendered":"\n<figure class=\"wp-block-image aligncenter size-large is-resized\"><img fetchpriority=\"high\" decoding=\"async\" width=\"1024\" height=\"691\" src=\"https:\/\/elmercuriomanta.ec\/wp-content\/uploads\/2024\/09\/image-247-1024x691.png\" alt=\"\" class=\"wp-image-28278\" style=\"width:511px;height:auto\" srcset=\"https:\/\/elmercuriomanta.ec\/wp-content\/uploads\/2024\/09\/image-247-1024x691.png 1024w, https:\/\/elmercuriomanta.ec\/wp-content\/uploads\/2024\/09\/image-247-300x203.png 300w, https:\/\/elmercuriomanta.ec\/wp-content\/uploads\/2024\/09\/image-247-768x518.png 768w, https:\/\/elmercuriomanta.ec\/wp-content\/uploads\/2024\/09\/image-247.png 1200w\" sizes=\"(max-width: 1024px) 100vw, 1024px\" \/><\/figure>\n\n\n\n<p>El proceso para la adquisici\u00f3n, instalaci\u00f3n, comisionamiento y puesta en marcha de generadores termoel\u00e9ctricos terrestres junto a la subestaci\u00f3n San Juan de Manta (Manab\u00ed) arranc\u00f3. El anuncio se dio este viernes, 20 de septiembre de 2024. Con ello se incorporar\u00e1 una potencia de 100 megavatios, seg\u00fan un comunicado del Ministerio de Energ\u00eda y Minas. La Corporaci\u00f3n El\u00e9ctrica del Ecuador (Celec) public\u00f3 el jueves, 19 de septiembre de 2024, el proceso en el portal del Servicio de Contrataci\u00f3n P\u00fablica (Sercop).<\/p>\n\n\n\n<p>Se inicia con la adquisici\u00f3n de las nuevas instalaciones que funcionar\u00e1n con combustible HFO4 y HFO6. Las empresas interesadas tienen hasta el martes 24 de septiembre para la presentaci\u00f3n de las propuestas. La Comisi\u00f3n T\u00e9cnica realizar\u00e1 el an\u00e1lisis del plazo, precio y adhesi\u00f3n a los criterios t\u00e9cnicos y determinar\u00e1 la propuesta m\u00e1s conveniente. Luego de ello comienza la fase de entrega de formularios del proveedor y la adjudicaci\u00f3n. \u00bfC\u00f3mo se har\u00e1 la contrataci\u00f3n? Seg\u00fan Celec, la contrataci\u00f3n para San Juan de Manta se da a trav\u00e9s de un proceso de emergencia, ya que las autoridades declararon en emergencia a la empresa para proceder con este tipo de contrataciones. Esta contrataci\u00f3n, el alquiler de una barcaza por hasta 250 megavatios y otros proyectos son parte de las acciones para enfrentar la crisis energ\u00e9tica en el pa\u00eds.<\/p>\n","protected":false},"excerpt":{"rendered":"<p>El proceso para la adquisici\u00f3n, instalaci\u00f3n, comisionamiento y puesta en marcha de generadores termoel\u00e9ctricos terrestres junto a la subestaci\u00f3n San Juan de Manta (Manab\u00ed) arranc\u00f3. El anuncio se dio este viernes, 20 de septiembre de 2024. Con ello se incorporar\u00e1 una potencia de 100 megavatios, seg\u00fan un comunicado del Ministerio de Energ\u00eda y Minas. La Corporaci\u00f3n El\u00e9ctrica del Ecuador (Celec) public\u00f3 el jueves, 19 de septiembre de 2024, el proceso en el portal del Servicio de Contrataci\u00f3n P\u00fablica (Sercop).<\/p>\n<p>Se inicia con la adquisici\u00f3n de las nuevas instalaciones que funcionar\u00e1n con combustible HFO4 y HFO6. Las empresas interesadas tienen hasta el martes 24 de septiembre para la presentaci\u00f3n de las propuestas. La Comisi\u00f3n T\u00e9cnica realizar\u00e1 el an\u00e1lisis del plazo, precio y adhesi\u00f3n a los criterios t\u00e9cnicos y determinar\u00e1 la propuesta m\u00e1s conveniente. Luego de ello comienza la fase de entrega de formularios del proveedor y la adjudicaci\u00f3n. \u00bfC\u00f3mo se har\u00e1 la contrataci\u00f3n? Seg\u00fan Celec, la contrataci\u00f3n para San Juan de Manta se da a trav\u00e9s de un proceso de emergencia, ya que las autoridades declararon en emergencia a la empresa para proceder con este tipo de contrataciones. Esta contrataci\u00f3n, el alquiler de una barcaza por hasta 250 megavatios y otros proyectos son parte de las acciones para enfrentar la crisis energ\u00e9tica en el pa\u00eds.<\/p>\n","protected":false},"author":1,"featured_media":28278,"comment_status":"open","ping_status":"open","sticky":false,"template":"","format":"standard","meta":{"footnotes":""},"categories":[83],"tags":[29,38],"class_list":["post-28277","post","type-post","status-publish","format-standard","has-post-thumbnail","hentry","category-sucesos","tag-manabi","tag-manta"],"_links":{"self":[{"href":"https:\/\/elmercuriomanta.ec\/index.php\/wp-json\/wp\/v2\/posts\/28277","targetHints":{"allow":["GET"]}}],"collection":[{"href":"https:\/\/elmercuriomanta.ec\/index.php\/wp-json\/wp\/v2\/posts"}],"about":[{"href":"https:\/\/elmercuriomanta.ec\/index.php\/wp-json\/wp\/v2\/types\/post"}],"author":[{"embeddable":true,"href":"https:\/\/elmercuriomanta.ec\/index.php\/wp-json\/wp\/v2\/users\/1"}],"replies":[{"embeddable":true,"href":"https:\/\/elmercuriomanta.ec\/index.php\/wp-json\/wp\/v2\/comments?post=28277"}],"version-history":[{"count":1,"href":"https:\/\/elmercuriomanta.ec\/index.php\/wp-json\/wp\/v2\/posts\/28277\/revisions"}],"predecessor-version":[{"id":28279,"href":"https:\/\/elmercuriomanta.ec\/index.php\/wp-json\/wp\/v2\/posts\/28277\/revisions\/28279"}],"wp:featuredmedia":[{"embeddable":true,"href":"https:\/\/elmercuriomanta.ec\/index.php\/wp-json\/wp\/v2\/media\/28278"}],"wp:attachment":[{"href":"https:\/\/elmercuriomanta.ec\/index.php\/wp-json\/wp\/v2\/media?parent=28277"}],"wp:term":[{"taxonomy":"category","embeddable":true,"href":"https:\/\/elmercuriomanta.ec\/index.php\/wp-json\/wp\/v2\/categories?post=28277"},{"taxonomy":"post_tag","embeddable":true,"href":"https:\/\/elmercuriomanta.ec\/index.php\/wp-json\/wp\/v2\/tags?post=28277"}],"curies":[{"name":"wp","href":"https:\/\/api.w.org\/{rel}","templated":true}]}}