{"id":28230,"date":"2024-09-20T15:46:04","date_gmt":"2024-09-20T20:46:04","guid":{"rendered":"https:\/\/elmercuriomanta.ec\/?p=28230"},"modified":"2024-09-20T15:46:12","modified_gmt":"2024-09-20T20:46:12","slug":"colombia-limita-las-exportaciones-de-energia-a-ecuador","status":"publish","type":"post","link":"https:\/\/elmercuriomanta.ec\/index.php\/2024\/09\/20\/colombia-limita-las-exportaciones-de-energia-a-ecuador\/","title":{"rendered":"Colombia limita las exportaciones de energ\u00eda a Ecuador\u00a0\u00a0"},"content":{"rendered":"\n<figure class=\"wp-block-image aligncenter size-large is-resized\"><img fetchpriority=\"high\" decoding=\"async\" width=\"1024\" height=\"512\" src=\"https:\/\/elmercuriomanta.ec\/wp-content\/uploads\/2024\/09\/image-234-1024x512.png\" alt=\"\" class=\"wp-image-28231\" style=\"width:321px;height:auto\" srcset=\"https:\/\/elmercuriomanta.ec\/wp-content\/uploads\/2024\/09\/image-234-1024x512.png 1024w, https:\/\/elmercuriomanta.ec\/wp-content\/uploads\/2024\/09\/image-234-300x150.png 300w, https:\/\/elmercuriomanta.ec\/wp-content\/uploads\/2024\/09\/image-234-768x384.png 768w, https:\/\/elmercuriomanta.ec\/wp-content\/uploads\/2024\/09\/image-234.png 1200w\" sizes=\"(max-width: 1024px) 100vw, 1024px\" \/><\/figure>\n\n\n\n<p>El Gobierno de Colombia anunci\u00f3 este jueves, 19 de septiembre, que limit\u00f3 las exportaciones de energ\u00eda a Ecuador debido a la temporada seca que vive el pa\u00eds. Su objetivo es garantizar una \u201c\u00f3ptima recuperaci\u00f3n de los embalses del Sistema Interconectado Nacional\u201d.&nbsp;<\/p>\n\n\n\n<p>El Ministerio de Minas y Energ\u00eda colombiano se\u00f1al\u00f3 en un comunicado que \u201cse dispuso que las exportaciones de energ\u00eda a Ecuador se realicen con la energ\u00eda t\u00e9rmica que no sea necesaria para el despacho nacional\u201d. Seg\u00fan la directora del Instituto de Hidrolog\u00eda, Meteorolog\u00eda y Estudios Ambientales (Ideam), Ghisliane Echeverry, las lluvias que se esperan para la regi\u00f3n de la Orinoqu\u00eda tendr\u00e1n una reducci\u00f3n en septiembre y condiciones muy similares a los promedios en los meses siguientes.<\/p>\n\n\n\n<p>&nbsp;Esto en un contexto en el que el pa\u00eds vive, desde principios del a\u00f1o, una sequ\u00eda que ha provocado incendios forestales en diferentes regiones del pa\u00eds y una disminuci\u00f3n en el nivel de los embalses. La semana pasada, la ministra de Ambiente de Colombia, Susana Muhamad, explic\u00f3 que el suministro de agua en el embalse de Chuza, uno de los que abastece a la capital colombiana, se est\u00e1 agotando -est\u00e1 entre el 38 y el 44 % seg\u00fan el Gobierno- y si se sigue con este ritmo de consumo, no tendr\u00e1 suficiente para afrontar la temporada seca, que se espera empiece en diciembre.<\/p>\n","protected":false},"excerpt":{"rendered":"<p>El Gobierno de Colombia anunci\u00f3 este jueves, 19 de septiembre, que limit\u00f3 las exportaciones de energ\u00eda a Ecuador debido a la temporada seca que vive el pa\u00eds. Su objetivo es garantizar una \u201c\u00f3ptima recuperaci\u00f3n de los embalses del Sistema Interconectado Nacional\u201d.\u00a0<\/p>\n","protected":false},"author":1,"featured_media":28231,"comment_status":"open","ping_status":"open","sticky":false,"template":"","format":"standard","meta":{"footnotes":""},"categories":[20,83],"tags":[23],"class_list":["post-28230","post","type-post","status-publish","format-standard","has-post-thumbnail","hentry","category-portada-2","category-sucesos","tag-ecuador"],"_links":{"self":[{"href":"https:\/\/elmercuriomanta.ec\/index.php\/wp-json\/wp\/v2\/posts\/28230","targetHints":{"allow":["GET"]}}],"collection":[{"href":"https:\/\/elmercuriomanta.ec\/index.php\/wp-json\/wp\/v2\/posts"}],"about":[{"href":"https:\/\/elmercuriomanta.ec\/index.php\/wp-json\/wp\/v2\/types\/post"}],"author":[{"embeddable":true,"href":"https:\/\/elmercuriomanta.ec\/index.php\/wp-json\/wp\/v2\/users\/1"}],"replies":[{"embeddable":true,"href":"https:\/\/elmercuriomanta.ec\/index.php\/wp-json\/wp\/v2\/comments?post=28230"}],"version-history":[{"count":1,"href":"https:\/\/elmercuriomanta.ec\/index.php\/wp-json\/wp\/v2\/posts\/28230\/revisions"}],"predecessor-version":[{"id":28232,"href":"https:\/\/elmercuriomanta.ec\/index.php\/wp-json\/wp\/v2\/posts\/28230\/revisions\/28232"}],"wp:featuredmedia":[{"embeddable":true,"href":"https:\/\/elmercuriomanta.ec\/index.php\/wp-json\/wp\/v2\/media\/28231"}],"wp:attachment":[{"href":"https:\/\/elmercuriomanta.ec\/index.php\/wp-json\/wp\/v2\/media?parent=28230"}],"wp:term":[{"taxonomy":"category","embeddable":true,"href":"https:\/\/elmercuriomanta.ec\/index.php\/wp-json\/wp\/v2\/categories?post=28230"},{"taxonomy":"post_tag","embeddable":true,"href":"https:\/\/elmercuriomanta.ec\/index.php\/wp-json\/wp\/v2\/tags?post=28230"}],"curies":[{"name":"wp","href":"https:\/\/api.w.org\/{rel}","templated":true}]}}