{"id":28223,"date":"2024-09-20T15:37:51","date_gmt":"2024-09-20T20:37:51","guid":{"rendered":"https:\/\/elmercuriomanta.ec\/?p=28223"},"modified":"2024-09-20T15:37:53","modified_gmt":"2024-09-20T20:37:53","slug":"la-cte-clausura-21-de-los-71-radares-viales-de-manabi","status":"publish","type":"post","link":"https:\/\/elmercuriomanta.ec\/index.php\/2024\/09\/20\/la-cte-clausura-21-de-los-71-radares-viales-de-manabi\/","title":{"rendered":"La CTE clausura 21 de los 71 radares viales de Manab\u00ed"},"content":{"rendered":"\n<figure class=\"wp-block-image aligncenter size-large is-resized\"><img fetchpriority=\"high\" decoding=\"async\" width=\"1024\" height=\"674\" src=\"https:\/\/elmercuriomanta.ec\/wp-content\/uploads\/2024\/09\/image-232-1024x674.png\" alt=\"\" class=\"wp-image-28224\" style=\"width:336px;height:auto\" srcset=\"https:\/\/elmercuriomanta.ec\/wp-content\/uploads\/2024\/09\/image-232-1024x674.png 1024w, https:\/\/elmercuriomanta.ec\/wp-content\/uploads\/2024\/09\/image-232-300x197.png 300w, https:\/\/elmercuriomanta.ec\/wp-content\/uploads\/2024\/09\/image-232-768x505.png 768w, https:\/\/elmercuriomanta.ec\/wp-content\/uploads\/2024\/09\/image-232.png 1190w\" sizes=\"(max-width: 1024px) 100vw, 1024px\" \/><\/figure>\n\n\n\n<p>Un total de 21 radares viales fueron clausurados por la Comisi\u00f3n de Tr\u00e1nsito del Ecuador (CTE), en la provincia de Manab\u00ed. La acci\u00f3n se realiz\u00f3 este mi\u00e9rcoles 18 de septiembre del 2024. A estos dispositivos sancionatorios se les coloc\u00f3 un sello rojo con blanco con la leyenda \u201cradar clausurado\u201d.<\/p>\n\n\n\n<p>&nbsp;En redes sociales, la entidad comparti\u00f3 fotograf\u00edas del momento en el que se le coloca el adhesivo que los inhabilita. \u201cLa Directora Provincial de Manab\u00ed de la CTE, Karina Cevallos, procedi\u00f3 a la clausura de 21 radares de CTE\u201d, rese\u00f1a la publicaci\u00f3n. Sucedi\u00f3 dos d\u00edas despu\u00e9s de la emisi\u00f3n de una resoluci\u00f3n que echa abajo el derecho de uso de v\u00eda de los aparatos.&nbsp;<\/p>\n\n\n\n<p>Esta acci\u00f3n, de acuerdo con la CTE, se tom\u00f3 debido a que los dispositivos no cumpl\u00edan con las especificaciones t\u00e9cnicas exigidas por la normativa vigente. Radares est\u00e1n en nueve cantones de Manab\u00ed Asimismo, la CTE detalla que entre las irregularidades detectadas se incluyen la falta de se\u00f1alizaci\u00f3n adecuada. Tambi\u00e9n la ubicaci\u00f3n inadecuada de los dispositivos y otros factores que afectan su correcto funcionamiento. La Resoluci\u00f3n 0017 impide que funcionen los radares de la TCE en convenio con Municipios categor\u00eda B en Tr\u00e1nsito o Mancomunidades. La firm\u00f3 el Subsecretario de la Infraestructura del Transporte, Eduardo Alexis Bonilla Castro.<\/p>\n","protected":false},"excerpt":{"rendered":"<p>Un total de 21 radares viales fueron clausurados por la Comisi\u00f3n de Tr\u00e1nsito del Ecuador (CTE), en la provincia de Manab\u00ed. La acci\u00f3n se realiz\u00f3 este mi\u00e9rcoles 18 de septiembre del 2024. A estos dispositivos sancionatorios se les coloc\u00f3 un sello rojo con blanco con la leyenda \u201cradar clausurado\u201d.<\/p>\n","protected":false},"author":1,"featured_media":28224,"comment_status":"open","ping_status":"open","sticky":false,"template":"","format":"standard","meta":{"footnotes":""},"categories":[20,83],"tags":[23],"class_list":["post-28223","post","type-post","status-publish","format-standard","has-post-thumbnail","hentry","category-portada-2","category-sucesos","tag-ecuador"],"_links":{"self":[{"href":"https:\/\/elmercuriomanta.ec\/index.php\/wp-json\/wp\/v2\/posts\/28223","targetHints":{"allow":["GET"]}}],"collection":[{"href":"https:\/\/elmercuriomanta.ec\/index.php\/wp-json\/wp\/v2\/posts"}],"about":[{"href":"https:\/\/elmercuriomanta.ec\/index.php\/wp-json\/wp\/v2\/types\/post"}],"author":[{"embeddable":true,"href":"https:\/\/elmercuriomanta.ec\/index.php\/wp-json\/wp\/v2\/users\/1"}],"replies":[{"embeddable":true,"href":"https:\/\/elmercuriomanta.ec\/index.php\/wp-json\/wp\/v2\/comments?post=28223"}],"version-history":[{"count":1,"href":"https:\/\/elmercuriomanta.ec\/index.php\/wp-json\/wp\/v2\/posts\/28223\/revisions"}],"predecessor-version":[{"id":28225,"href":"https:\/\/elmercuriomanta.ec\/index.php\/wp-json\/wp\/v2\/posts\/28223\/revisions\/28225"}],"wp:featuredmedia":[{"embeddable":true,"href":"https:\/\/elmercuriomanta.ec\/index.php\/wp-json\/wp\/v2\/media\/28224"}],"wp:attachment":[{"href":"https:\/\/elmercuriomanta.ec\/index.php\/wp-json\/wp\/v2\/media?parent=28223"}],"wp:term":[{"taxonomy":"category","embeddable":true,"href":"https:\/\/elmercuriomanta.ec\/index.php\/wp-json\/wp\/v2\/categories?post=28223"},{"taxonomy":"post_tag","embeddable":true,"href":"https:\/\/elmercuriomanta.ec\/index.php\/wp-json\/wp\/v2\/tags?post=28223"}],"curies":[{"name":"wp","href":"https:\/\/api.w.org\/{rel}","templated":true}]}}