{"id":28217,"date":"2024-09-20T15:21:10","date_gmt":"2024-09-20T20:21:10","guid":{"rendered":"https:\/\/elmercuriomanta.ec\/?p=28217"},"modified":"2024-09-20T15:21:12","modified_gmt":"2024-09-20T20:21:12","slug":"asi-fueron-los-operativos-en-manabi-durante-el-apagon-del-miercoles","status":"publish","type":"post","link":"https:\/\/elmercuriomanta.ec\/index.php\/2024\/09\/20\/asi-fueron-los-operativos-en-manabi-durante-el-apagon-del-miercoles\/","title":{"rendered":"As\u00ed fueron los operativos en Manab\u00ed durante el apag\u00f3n del mi\u00e9rcoles\u00a0"},"content":{"rendered":"\n<figure class=\"wp-block-image aligncenter size-full is-resized\"><img fetchpriority=\"high\" decoding=\"async\" width=\"779\" height=\"670\" src=\"https:\/\/elmercuriomanta.ec\/wp-content\/uploads\/2024\/09\/image-231.png\" alt=\"\" class=\"wp-image-28218\" style=\"width:353px;height:auto\" srcset=\"https:\/\/elmercuriomanta.ec\/wp-content\/uploads\/2024\/09\/image-231.png 779w, https:\/\/elmercuriomanta.ec\/wp-content\/uploads\/2024\/09\/image-231-300x258.png 300w, https:\/\/elmercuriomanta.ec\/wp-content\/uploads\/2024\/09\/image-231-768x661.png 768w\" sizes=\"(max-width: 779px) 100vw, 779px\" \/><\/figure>\n\n\n\n<p>Faltaban dos horas para que empezara el toque de queda por el apag\u00f3n anunciado por el Gobierno y en Manta ya se registraban dos asesinatos. Dos amigos que se encontraban conversando en una vereda fueron baleados por sujetos en moto. Sus cuerpos quedaron tendidos en el suelo y luego los llevaron hasta una casa de salud.&nbsp;<\/p>\n\n\n\n<p>Esto ocurri\u00f3 en la parroquia Eloy Alfaro, una de las zonas m\u00e1s conflictivas de Manta. Sin embargo, a las 22:15, cuando la electricidad fue suspendida, decenas de polic\u00edas y militares ingresaron al sector. Hab\u00eda personal de inteligencia, grupos t\u00e1cticos y hasta un helic\u00f3ptero sobrevolando el \u00e1rea.&nbsp;<\/p>\n\n\n\n<p>En medio de la oscuridad realizaron operativos, parando la marcha de los veh\u00edculos que estaban circulando. Los militares les preguntaban a los propietarios de los carros por qu\u00e9 estaban en la calle a pesar del toque de queda. Excusas hab\u00eda de sobra: citas m\u00e9dicas, emergencias, medicinas, \u201cNo vi la hora\u201d, \u201cSe me hizo tarde\u201d, etc. En lo alto, desde un helic\u00f3ptero se alumbraba la zona donde solo en este mes ya han asesinado a cerca de ocho personas.<\/p>\n\n\n\n<p>&nbsp;Eloy Alfaro es en estos momentos el centro de disputa de dos bandas delictivas, Los Choneros y Los Lobos, seg\u00fan la Polic\u00eda. Con frecuencia se est\u00e1n atacando, dejando en cada balacera entre dos y cuatro fallecidos, como promedio. \u201cNuestro objetivo es el registro para el control de armas, explosivos y municiones, adem\u00e1s de hacer cumplir el toque de queda\u201d, indic\u00f3 un vocero militar.&nbsp;<\/p>\n\n\n\n<p>La Polic\u00eda tambi\u00e9n hizo su parte y estaban rondando la ciudad no solo en patrulleros, sino en carros del eje investigativo y de inteligencia. \u201cNos mantenemos en diferentes puntos en la ciudad con m\u00e1s de 400 polic\u00edas que tienen instrucciones claras. Tenemos personal en cada uno de los territorios en Manta\u201d, expres\u00f3 Roberto Morales, jefe subrogante del distrito Manta. Tanto en esta ciudad como en otras, como Portoviejo, Sucre y Jipijapa, se reforz\u00f3 el contingente de polic\u00edas.<\/p>\n\n\n\n<p>&nbsp;Entre los lugares por vigilar estaban los centros penitenciarios y zonas estrat\u00e9gicas, como transporte pesado, hospitales y edificios p\u00fablicos \u201cEn los sitios que pudieran ser vulnerados en la provincia se coloc\u00f3 vigilancia . Hemos designado tambi\u00e9n servicios en ejes viales, acompa\u00f1ando al transporte de carga que traslada insumos o mercader\u00eda\u201d, mencion\u00f3 Carlos Fern\u00e1ndez, jefe de Coordinaci\u00f3n Operacional de la Polic\u00eda en Manab\u00ed.<\/p>\n","protected":false},"excerpt":{"rendered":"<p>Faltaban dos horas para que empezara el toque de queda por el apag\u00f3n anunciado por el Gobierno y en Manta ya se registraban dos asesinatos. Dos amigos que se encontraban conversando en una vereda fueron baleados por sujetos en moto. Sus cuerpos quedaron tendidos en el suelo y luego los llevaron hasta una casa de salud.\u00a0<\/p>\n","protected":false},"author":1,"featured_media":28218,"comment_status":"open","ping_status":"open","sticky":false,"template":"","format":"standard","meta":{"footnotes":""},"categories":[20,83],"tags":[29],"class_list":["post-28217","post","type-post","status-publish","format-standard","has-post-thumbnail","hentry","category-portada-2","category-sucesos","tag-manabi"],"_links":{"self":[{"href":"https:\/\/elmercuriomanta.ec\/index.php\/wp-json\/wp\/v2\/posts\/28217","targetHints":{"allow":["GET"]}}],"collection":[{"href":"https:\/\/elmercuriomanta.ec\/index.php\/wp-json\/wp\/v2\/posts"}],"about":[{"href":"https:\/\/elmercuriomanta.ec\/index.php\/wp-json\/wp\/v2\/types\/post"}],"author":[{"embeddable":true,"href":"https:\/\/elmercuriomanta.ec\/index.php\/wp-json\/wp\/v2\/users\/1"}],"replies":[{"embeddable":true,"href":"https:\/\/elmercuriomanta.ec\/index.php\/wp-json\/wp\/v2\/comments?post=28217"}],"version-history":[{"count":1,"href":"https:\/\/elmercuriomanta.ec\/index.php\/wp-json\/wp\/v2\/posts\/28217\/revisions"}],"predecessor-version":[{"id":28219,"href":"https:\/\/elmercuriomanta.ec\/index.php\/wp-json\/wp\/v2\/posts\/28217\/revisions\/28219"}],"wp:featuredmedia":[{"embeddable":true,"href":"https:\/\/elmercuriomanta.ec\/index.php\/wp-json\/wp\/v2\/media\/28218"}],"wp:attachment":[{"href":"https:\/\/elmercuriomanta.ec\/index.php\/wp-json\/wp\/v2\/media?parent=28217"}],"wp:term":[{"taxonomy":"category","embeddable":true,"href":"https:\/\/elmercuriomanta.ec\/index.php\/wp-json\/wp\/v2\/categories?post=28217"},{"taxonomy":"post_tag","embeddable":true,"href":"https:\/\/elmercuriomanta.ec\/index.php\/wp-json\/wp\/v2\/tags?post=28217"}],"curies":[{"name":"wp","href":"https:\/\/api.w.org\/{rel}","templated":true}]}}