{"id":28212,"date":"2024-09-20T15:16:28","date_gmt":"2024-09-20T20:16:28","guid":{"rendered":"https:\/\/elmercuriomanta.ec\/?p=28212"},"modified":"2024-09-20T15:16:43","modified_gmt":"2024-09-20T20:16:43","slug":"coe-declara-la-alerta-roja-en-15-provincias-por-emergencia-hidrica","status":"publish","type":"post","link":"https:\/\/elmercuriomanta.ec\/index.php\/2024\/09\/20\/coe-declara-la-alerta-roja-en-15-provincias-por-emergencia-hidrica\/","title":{"rendered":"COE declara la alerta roja en 15 provincias por emergencia h\u00eddrica"},"content":{"rendered":"\n<figure class=\"wp-block-image aligncenter size-full is-resized\"><img fetchpriority=\"high\" decoding=\"async\" width=\"1024\" height=\"683\" src=\"https:\/\/elmercuriomanta.ec\/wp-content\/uploads\/2024\/09\/image-230.png\" alt=\"\" class=\"wp-image-28213\" style=\"width:387px;height:auto\" srcset=\"https:\/\/elmercuriomanta.ec\/wp-content\/uploads\/2024\/09\/image-230.png 1024w, https:\/\/elmercuriomanta.ec\/wp-content\/uploads\/2024\/09\/image-230-300x200.png 300w, https:\/\/elmercuriomanta.ec\/wp-content\/uploads\/2024\/09\/image-230-768x512.png 768w\" sizes=\"(max-width: 1024px) 100vw, 1024px\" \/><\/figure>\n\n\n\n<p>El Comit\u00e9 de Operaciones de Emergencia Nacional (COE-N) declar\u00f3 en alerta roja a 15 provincias por el d\u00e9ficit h\u00eddrico que enfrenta el Ecuador. El anunci\u00f3 fue realizado este jueves 19 de septiembre de 2024, tras finalizar una reuni\u00f3n que se realiz\u00f3 entre varias autoridades del Gobierno, en Quito. In\u00e9s Manzano, quien preside el Comit\u00e9, detall\u00f3 que el organismo sesionar\u00e1 de forma permanente los pr\u00f3ximos d\u00edas.&nbsp;<\/p>\n\n\n\n<p>En estas mesas t\u00e9cnicas, los grupos de trabajo buscar\u00e1n mecanismos y acciones inmediatas en favor de solventar la emergencia en el pa\u00eds, se\u00f1al\u00f3 la tambi\u00e9n Ministra de Ambiente. Provincias con alerta roja Carchi Pichincha Loja Ca\u00f1ar Azuay Bol\u00edvar Zamora Chinchipe Imbabura Napo El Oro Santa Elena Cotopaxi Manab\u00ed Orellana Las otras 9 provincias se encuentran en an\u00e1lisis t\u00e9cnico y es probable que se sumen a la declaratoria de alerta roja.<\/p>\n","protected":false},"excerpt":{"rendered":"<p>El Comit\u00e9 de Operaciones de Emergencia Nacional (COE-N) declar\u00f3 en alerta roja a 15 provincias por el d\u00e9ficit h\u00eddrico que enfrenta el Ecuador. El anunci\u00f3 fue realizado este jueves 19 de septiembre de 2024, tras finalizar una reuni\u00f3n que se realiz\u00f3 entre varias autoridades del Gobierno, en Quito. In\u00e9s Manzano, quien preside el Comit\u00e9, detall\u00f3 que el organismo sesionar\u00e1 de forma permanente los pr\u00f3ximos d\u00edas.\u00a0<\/p>\n","protected":false},"author":1,"featured_media":28213,"comment_status":"open","ping_status":"open","sticky":false,"template":"","format":"standard","meta":{"footnotes":""},"categories":[20,83,1],"tags":[22],"class_list":["post-28212","post","type-post","status-publish","format-standard","has-post-thumbnail","hentry","category-portada-2","category-sucesos","category-uncategorized","tag-politica"],"_links":{"self":[{"href":"https:\/\/elmercuriomanta.ec\/index.php\/wp-json\/wp\/v2\/posts\/28212","targetHints":{"allow":["GET"]}}],"collection":[{"href":"https:\/\/elmercuriomanta.ec\/index.php\/wp-json\/wp\/v2\/posts"}],"about":[{"href":"https:\/\/elmercuriomanta.ec\/index.php\/wp-json\/wp\/v2\/types\/post"}],"author":[{"embeddable":true,"href":"https:\/\/elmercuriomanta.ec\/index.php\/wp-json\/wp\/v2\/users\/1"}],"replies":[{"embeddable":true,"href":"https:\/\/elmercuriomanta.ec\/index.php\/wp-json\/wp\/v2\/comments?post=28212"}],"version-history":[{"count":1,"href":"https:\/\/elmercuriomanta.ec\/index.php\/wp-json\/wp\/v2\/posts\/28212\/revisions"}],"predecessor-version":[{"id":28214,"href":"https:\/\/elmercuriomanta.ec\/index.php\/wp-json\/wp\/v2\/posts\/28212\/revisions\/28214"}],"wp:featuredmedia":[{"embeddable":true,"href":"https:\/\/elmercuriomanta.ec\/index.php\/wp-json\/wp\/v2\/media\/28213"}],"wp:attachment":[{"href":"https:\/\/elmercuriomanta.ec\/index.php\/wp-json\/wp\/v2\/media?parent=28212"}],"wp:term":[{"taxonomy":"category","embeddable":true,"href":"https:\/\/elmercuriomanta.ec\/index.php\/wp-json\/wp\/v2\/categories?post=28212"},{"taxonomy":"post_tag","embeddable":true,"href":"https:\/\/elmercuriomanta.ec\/index.php\/wp-json\/wp\/v2\/tags?post=28212"}],"curies":[{"name":"wp","href":"https:\/\/api.w.org\/{rel}","templated":true}]}}