{"id":28209,"date":"2024-09-20T15:12:30","date_gmt":"2024-09-20T20:12:30","guid":{"rendered":"https:\/\/elmercuriomanta.ec\/?p=28209"},"modified":"2024-09-20T15:12:32","modified_gmt":"2024-09-20T20:12:32","slug":"jaramijo-tiene-un-potencial-natural-no-explotado","status":"publish","type":"post","link":"https:\/\/elmercuriomanta.ec\/index.php\/2024\/09\/20\/jaramijo-tiene-un-potencial-natural-no-explotado\/","title":{"rendered":"\u201cJaramij\u00f3 tiene un potencial natural no explotado\u201d\u00a0\u00a0"},"content":{"rendered":"\n<figure class=\"wp-block-image aligncenter size-full is-resized\"><img fetchpriority=\"high\" decoding=\"async\" width=\"904\" height=\"547\" src=\"https:\/\/elmercuriomanta.ec\/wp-content\/uploads\/2024\/09\/WhatsApp-Image-2024-09-20-at-15.11.03.jpeg\" alt=\"\" class=\"wp-image-28210\" style=\"width:332px;height:auto\" srcset=\"https:\/\/elmercuriomanta.ec\/wp-content\/uploads\/2024\/09\/WhatsApp-Image-2024-09-20-at-15.11.03.jpeg 904w, https:\/\/elmercuriomanta.ec\/wp-content\/uploads\/2024\/09\/WhatsApp-Image-2024-09-20-at-15.11.03-300x182.jpeg 300w, https:\/\/elmercuriomanta.ec\/wp-content\/uploads\/2024\/09\/WhatsApp-Image-2024-09-20-at-15.11.03-768x465.jpeg 768w\" sizes=\"(max-width: 904px) 100vw, 904px\" \/><\/figure>\n\n\n\n<p>Auro Palma, Jefe Pol\u00edtico de Jaramij\u00f3, lleva 5 meses en el cargo, tiene 36 a\u00f1os de edad, forma parte activa del Gobierno de El Nuevo Ecuador. 1.- \u00bfCu\u00e1l ha sido su experiencia hasta el momento como Jefe Pol\u00edtico de Jaramij\u00f3? El cargo de Jefe Pol\u00edtico de Jaramij\u00f3 no es nuevo, ha existido siempre, el problema es que no se le ha brindado la representatividad del caso, nosotros asumimos con responsabilidad este espacio, que sirve de mucho para beneficiar al ciudadano con los servicios que brinda el Gobierno Nacional.&nbsp;<\/p>\n\n\n\n<p>2.- \u00bfCu\u00e1les son sus competencias? Los Jefes Pol\u00edticos somos los representantes del ejecutivo en territorio, del Sr. Gobernador y de nuestro Presidente de la Rep\u00fablica Daniel Noboa, en nuestra competencia est\u00e1 el acercar los servicios de todas las instituciones del estado (CNEL, MIES, Banecuador, MTOP, MIDUVI, MSP, Educaci\u00f3n, Ministerio del Deporte, Etc.). 3.- \u00bfQu\u00e9 significa Jaramij\u00f3 para usted? Jaramij\u00f3 es un para\u00edso natural, tiene un potencial que a\u00fan no ha sido explotado como se debe, hay mucho por hacer, debemos impulsar un pensamiento de desarrollo, de unidad, de armon\u00eda y participaci\u00f3n, somos la nueva generaci\u00f3n de la pol\u00edtica en el Ecuador y estamos listos para servir a nuestra gente.&nbsp;<\/p>\n\n\n\n<p>Jaramij\u00f3 tiene todo para ser uno de los cantones m\u00e1s sobresalientes no solo de Manab\u00ed sino de toda la Costa ecuatoriana. 4.- En el tema del MIES, \u00bfcu\u00e1les han sido las gestiones emprendidas? Jaramij\u00f3 tiene muchos sectores vulnerables, estamos acercando los servicios del MIES y realizando el acompa\u00f1amiento respectivo a los proyectos que se ejecutan en Jaramij\u00f3, las personas con discapacidad, personas de la tercera edad, ni\u00f1os con desnutrici\u00f3n, madres adolescentes y personas con enfermedades catastr\u00f3ficas son nuestro principal objetivo, la ayuda social nos identifica.<\/p>\n\n\n\n<p>&nbsp;5.- \u00bfHa tenido acercamientos para trabajar en conjunto con el Alcalde de Jaramij\u00f3? El Alcalde, Simetrio Calder\u00f3n, tiene sus competencias, no tengo ning\u00fan problema personal con \u00e9l, de repente observamos a la pol\u00edtica desde puntos distintos pero eso no significa que seamos enemigos o algo por el estilo, en El Nuevo Ecuador no hay espacio para el odio, no importa el color de nuestras camisetas, debemos pensar siempre en el ciudadano como lo m\u00e1s importante, si debemos unirnos en alg\u00fan proyecto que beneficie a los jaramijenses pues encantado.<\/p>\n\n\n\n<p>&nbsp;6.- \u00bfQu\u00e9 espera Auro Palma de la pol\u00edtica? La pol\u00edtica es el arte de servir, y es el camino que he elegido. Debemos continuar sirvi\u00e9ndole a la gente independientemente del cargo que tengamos o del espacio en el que nos desenvolvemos. Manab\u00ed y el Ecuador nos necesitan y estamos convencidos de que es posible llevar a un nivel superior la forma de hacer pol\u00edtica en nuestro pa\u00eds. Por ahora mi meta es hacer una buena gesti\u00f3n como Jefe Pol\u00edtico y dejar una huella imborrable.&nbsp;<\/p>\n\n\n\n<p>7.- \u00bfEs Daniel Noboa el l\u00edder que necesita el Ecuador? Con 36 a\u00f1os de edad y un futuro ya realizado, nuestro Presidente dej\u00f3 a un lado su tranquilidad familiar por asumir un reto y beneficiar al Ecuador, es un Presidente valiente y con personalidad, propios de su juventud impetuosa. Creo que tiene la formaci\u00f3n, el liderazgo y la capacidad para desarrollar a nuestro pa\u00eds y llevarlo a un sitial protag\u00f3nico en el Mundo.<\/p>\n\n\n\n<p>&nbsp;8.- \u00bfObservaremos a Auro Palma en la papeleta 2025? No, es muy pronto para eso, debemos continuar un camino ya trazado, con buenas gestiones y capacidad, impulsar los temas positivos y no olvidarnos de la gente. Apoyaremos firmemente el proyecto pol\u00edtico de nuestro Presidente Daniel Noboa y a los candidatos que se definan, este es un trabajo en equipo y con unidad venceremos.<\/p>\n","protected":false},"excerpt":{"rendered":"<p>Auro Palma, Jefe Pol\u00edtico de Jaramij\u00f3, lleva 5 meses en el cargo, tiene 36 a\u00f1os de edad, forma parte activa del Gobierno de El Nuevo Ecuador. 1.- \u00bfCu\u00e1l ha sido su experiencia hasta el momento como Jefe Pol\u00edtico de Jaramij\u00f3? El cargo de Jefe Pol\u00edtico de Jaramij\u00f3 no es nuevo, ha existido siempre, el problema es que no se le ha brindado la representatividad del caso, nosotros asumimos con responsabilidad este espacio, que sirve de mucho para beneficiar al ciudadano con los servicios que brinda el Gobierno Nacional.\u00a0<\/p>\n","protected":false},"author":1,"featured_media":28210,"comment_status":"open","ping_status":"open","sticky":false,"template":"","format":"standard","meta":{"footnotes":""},"categories":[94],"tags":[],"class_list":["post-28209","post","type-post","status-publish","format-standard","has-post-thumbnail","hentry","category-entrevistas"],"_links":{"self":[{"href":"https:\/\/elmercuriomanta.ec\/index.php\/wp-json\/wp\/v2\/posts\/28209","targetHints":{"allow":["GET"]}}],"collection":[{"href":"https:\/\/elmercuriomanta.ec\/index.php\/wp-json\/wp\/v2\/posts"}],"about":[{"href":"https:\/\/elmercuriomanta.ec\/index.php\/wp-json\/wp\/v2\/types\/post"}],"author":[{"embeddable":true,"href":"https:\/\/elmercuriomanta.ec\/index.php\/wp-json\/wp\/v2\/users\/1"}],"replies":[{"embeddable":true,"href":"https:\/\/elmercuriomanta.ec\/index.php\/wp-json\/wp\/v2\/comments?post=28209"}],"version-history":[{"count":1,"href":"https:\/\/elmercuriomanta.ec\/index.php\/wp-json\/wp\/v2\/posts\/28209\/revisions"}],"predecessor-version":[{"id":28211,"href":"https:\/\/elmercuriomanta.ec\/index.php\/wp-json\/wp\/v2\/posts\/28209\/revisions\/28211"}],"wp:featuredmedia":[{"embeddable":true,"href":"https:\/\/elmercuriomanta.ec\/index.php\/wp-json\/wp\/v2\/media\/28210"}],"wp:attachment":[{"href":"https:\/\/elmercuriomanta.ec\/index.php\/wp-json\/wp\/v2\/media?parent=28209"}],"wp:term":[{"taxonomy":"category","embeddable":true,"href":"https:\/\/elmercuriomanta.ec\/index.php\/wp-json\/wp\/v2\/categories?post=28209"},{"taxonomy":"post_tag","embeddable":true,"href":"https:\/\/elmercuriomanta.ec\/index.php\/wp-json\/wp\/v2\/tags?post=28209"}],"curies":[{"name":"wp","href":"https:\/\/api.w.org\/{rel}","templated":true}]}}