{"id":28178,"date":"2024-09-19T16:49:54","date_gmt":"2024-09-19T21:49:54","guid":{"rendered":"https:\/\/elmercuriomanta.ec\/?p=28178"},"modified":"2024-09-19T16:49:57","modified_gmt":"2024-09-19T21:49:57","slug":"militares-ingresaron-a-la-central-hidroelectrica-coca-codo-sinclair-para-reforzar-su-seguridad-y-operatividad","status":"publish","type":"post","link":"https:\/\/elmercuriomanta.ec\/index.php\/2024\/09\/19\/militares-ingresaron-a-la-central-hidroelectrica-coca-codo-sinclair-para-reforzar-su-seguridad-y-operatividad\/","title":{"rendered":"Militares ingresaron a la central hidroel\u00e9ctrica Coca Codo Sinclair para reforzar su seguridad y operatividad"},"content":{"rendered":"\n<figure class=\"wp-block-image aligncenter size-full is-resized\"><img fetchpriority=\"high\" decoding=\"async\" width=\"900\" height=\"595\" src=\"https:\/\/elmercuriomanta.ec\/wp-content\/uploads\/2024\/09\/image-225.png\" alt=\"\" class=\"wp-image-28179\" style=\"width:406px;height:auto\" srcset=\"https:\/\/elmercuriomanta.ec\/wp-content\/uploads\/2024\/09\/image-225.png 900w, https:\/\/elmercuriomanta.ec\/wp-content\/uploads\/2024\/09\/image-225-300x198.png 300w, https:\/\/elmercuriomanta.ec\/wp-content\/uploads\/2024\/09\/image-225-768x508.png 768w\" sizes=\"(max-width: 900px) 100vw, 900px\" \/><\/figure>\n\n\n\n<p>Miembros de las Fuerzas Armadas ingresaron, ayer 18 de septiembre, a las instalaciones de la central hidroel\u00e9ctrica Coca Codo Sinclair, de 1.500 MW.<br>Conforme la disposici\u00f3n del presidente de la Rep\u00fablica, Daniel Noboa, ellos ser\u00e1n parte del grupo de oficiales que reforzar\u00e1n las seguridades internas y externas de la principal hidroel\u00e9ctrica del pa\u00eds, as\u00ed como tambi\u00e9n apoyar\u00e1n en las labores de operaci\u00f3n de las unidades de generaci\u00f3n el\u00e9ctrica.<\/p>\n\n\n\n<p>En una primea actividad, los oficiales, junto al Gerente de la Unidad de Negocio Coca Codo Sinclair, Jorge Goyes, y de t\u00e9cnicos de la central, realizaron un recorrido por la sala de control, la casa de m\u00e1quinas y la subestaci\u00f3n GIS, en donde conocieron sus sistemas y equipos.<\/p>\n\n\n\n<p><br>A partir de este jueves 19 de septiembre, el personal iniciar\u00e1 con el plan de capacitaci\u00f3n sobre el funcionamiento y operaci\u00f3n de la central, que tendr\u00e1 una duraci\u00f3n de 150 horas. El objetivo es preparar al personal miliar sobre las labores espec\u00edficas de operaci\u00f3n de la hidroel\u00e9ctrica.<\/p>\n\n\n\n<p>El Gobierno Nacional, a trav\u00e9s del Ministerio de Energ\u00eda y Minas y de CELEC EP, gestiona diversos mecanismos para brindar seguridad al sistema el\u00e9ctrico y sus principales infraestructuras contra amenazas f\u00edsicas y cibern\u00e9ticas.<br><\/p>\n","protected":false},"excerpt":{"rendered":"<p>Miembros de las Fuerzas Armadas ingresaron, ayer 18 de septiembre, a las instalaciones de la central hidroel\u00e9ctrica Coca Codo Sinclair, de 1.500 MW.<\/p>\n","protected":false},"author":1,"featured_media":28179,"comment_status":"open","ping_status":"open","sticky":false,"template":"","format":"standard","meta":{"footnotes":""},"categories":[19],"tags":[23],"class_list":["post-28178","post","type-post","status-publish","format-standard","has-post-thumbnail","hentry","category-portada-1","tag-ecuador"],"_links":{"self":[{"href":"https:\/\/elmercuriomanta.ec\/index.php\/wp-json\/wp\/v2\/posts\/28178","targetHints":{"allow":["GET"]}}],"collection":[{"href":"https:\/\/elmercuriomanta.ec\/index.php\/wp-json\/wp\/v2\/posts"}],"about":[{"href":"https:\/\/elmercuriomanta.ec\/index.php\/wp-json\/wp\/v2\/types\/post"}],"author":[{"embeddable":true,"href":"https:\/\/elmercuriomanta.ec\/index.php\/wp-json\/wp\/v2\/users\/1"}],"replies":[{"embeddable":true,"href":"https:\/\/elmercuriomanta.ec\/index.php\/wp-json\/wp\/v2\/comments?post=28178"}],"version-history":[{"count":1,"href":"https:\/\/elmercuriomanta.ec\/index.php\/wp-json\/wp\/v2\/posts\/28178\/revisions"}],"predecessor-version":[{"id":28180,"href":"https:\/\/elmercuriomanta.ec\/index.php\/wp-json\/wp\/v2\/posts\/28178\/revisions\/28180"}],"wp:featuredmedia":[{"embeddable":true,"href":"https:\/\/elmercuriomanta.ec\/index.php\/wp-json\/wp\/v2\/media\/28179"}],"wp:attachment":[{"href":"https:\/\/elmercuriomanta.ec\/index.php\/wp-json\/wp\/v2\/media?parent=28178"}],"wp:term":[{"taxonomy":"category","embeddable":true,"href":"https:\/\/elmercuriomanta.ec\/index.php\/wp-json\/wp\/v2\/categories?post=28178"},{"taxonomy":"post_tag","embeddable":true,"href":"https:\/\/elmercuriomanta.ec\/index.php\/wp-json\/wp\/v2\/tags?post=28178"}],"curies":[{"name":"wp","href":"https:\/\/api.w.org\/{rel}","templated":true}]}}