{"id":28142,"date":"2024-09-18T17:38:35","date_gmt":"2024-09-18T22:38:35","guid":{"rendered":"https:\/\/elmercuriomanta.ec\/?p=28142"},"modified":"2024-09-18T17:47:39","modified_gmt":"2024-09-18T22:47:39","slug":"el-edificio-de-la-ex-unasur-se-convierte-en-el-centro-multiples","status":"publish","type":"post","link":"https:\/\/elmercuriomanta.ec\/index.php\/2024\/09\/18\/el-edificio-de-la-ex-unasur-se-convierte-en-el-centro-multiples\/","title":{"rendered":"EL EDIFICIO DE LA EX UNASUR SE CONVIERTE EN EL CENTRO M\u00daLTIPLES de Institutos"},"content":{"rendered":"\n<div class=\"wp-block-columns is-layout-flex wp-container-core-columns-is-layout-28f84493 wp-block-columns-is-layout-flex\">\n<div class=\"wp-block-column is-layout-flow wp-block-column-is-layout-flow\">\n<figure class=\"wp-block-image size-large is-resized\"><img fetchpriority=\"high\" decoding=\"async\" width=\"1024\" height=\"683\" src=\"https:\/\/elmercuriomanta.ec\/wp-content\/uploads\/2024\/09\/54003794652_209b7bd37e_o-1024x683.jpg\" alt=\"\" class=\"wp-image-28143\" style=\"width:310px;height:auto\" srcset=\"https:\/\/elmercuriomanta.ec\/wp-content\/uploads\/2024\/09\/54003794652_209b7bd37e_o-1024x683.jpg 1024w, https:\/\/elmercuriomanta.ec\/wp-content\/uploads\/2024\/09\/54003794652_209b7bd37e_o-300x200.jpg 300w, https:\/\/elmercuriomanta.ec\/wp-content\/uploads\/2024\/09\/54003794652_209b7bd37e_o-768x512.jpg 768w, https:\/\/elmercuriomanta.ec\/wp-content\/uploads\/2024\/09\/54003794652_209b7bd37e_o-1536x1024.jpg 1536w, https:\/\/elmercuriomanta.ec\/wp-content\/uploads\/2024\/09\/54003794652_209b7bd37e_o-2048x1365.jpg 2048w\" sizes=\"(max-width: 1024px) 100vw, 1024px\" \/><\/figure>\n<\/div>\n\n\n\n<div class=\"wp-block-column is-layout-flow wp-block-column-is-layout-flow\">\n<figure class=\"wp-block-image size-full is-resized\"><img decoding=\"async\" width=\"400\" height=\"267\" src=\"https:\/\/elmercuriomanta.ec\/wp-content\/uploads\/2024\/09\/54003794332_9519ffdc7e_w.jpg\" alt=\"\" class=\"wp-image-28145\" style=\"width:309px;height:auto\" srcset=\"https:\/\/elmercuriomanta.ec\/wp-content\/uploads\/2024\/09\/54003794332_9519ffdc7e_w.jpg 400w, https:\/\/elmercuriomanta.ec\/wp-content\/uploads\/2024\/09\/54003794332_9519ffdc7e_w-300x200.jpg 300w\" sizes=\"(max-width: 400px) 100vw, 400px\" \/><\/figure>\n<\/div>\n<\/div>\n\n\n\n<p>El presidente Daniel Noboa inaugur\u00f3 esta ma\u00f1ana, 18 de septiembre de 2024, la primera fase del Centro M\u00faltiple de Institutos \u2013 Mitad Del Mundo. Este centro est\u00e1 ubicado en el edificio de la ex Unasur, infraestructura que representa el fracaso de una ideolog\u00eda y que hoy fue entregada a 800 j\u00f3venes del pa\u00eds que recibir\u00e1n educaci\u00f3n superior p\u00fablica y formaci\u00f3n t\u00e9cnica y tecnol\u00f3gica.<\/p>\n\n\n\n<p>\u201cEste lugar fue, hasta hoy, la viva representaci\u00f3n del fracaso de intentar imponer<br>una ideolog\u00eda y no dejar la libertad para que cada una de las personas decidan sus<br>metas, sue\u00f1os e ideal colectivo\u201d, mencion\u00f3 el jefe de Estado.<\/p>\n\n\n\n<figure class=\"wp-block-image aligncenter size-large is-resized\"><img decoding=\"async\" width=\"1024\" height=\"647\" src=\"https:\/\/elmercuriomanta.ec\/wp-content\/uploads\/2024\/09\/54005027779_881e0eaaa3_o-1024x647.jpg\" alt=\"\" class=\"wp-image-28148\" style=\"width:383px;height:auto\" srcset=\"https:\/\/elmercuriomanta.ec\/wp-content\/uploads\/2024\/09\/54005027779_881e0eaaa3_o-1024x647.jpg 1024w, https:\/\/elmercuriomanta.ec\/wp-content\/uploads\/2024\/09\/54005027779_881e0eaaa3_o-300x190.jpg 300w, https:\/\/elmercuriomanta.ec\/wp-content\/uploads\/2024\/09\/54005027779_881e0eaaa3_o-768x485.jpg 768w, https:\/\/elmercuriomanta.ec\/wp-content\/uploads\/2024\/09\/54005027779_881e0eaaa3_o-1536x971.jpg 1536w, https:\/\/elmercuriomanta.ec\/wp-content\/uploads\/2024\/09\/54005027779_881e0eaaa3_o-2048x1295.jpg 2048w\" sizes=\"(max-width: 1024px) 100vw, 1024px\" \/><\/figure>\n\n\n\n<p>Con el Decreto Ejecutivo N\u00b0 352 se dispuso a la Secretar\u00eda de Educaci\u00f3n Superior,<br>Ciencia, Tecnolog\u00eda e Innovaci\u00f3n (Senescyt) convertir al edificio de la ex Unasur en el<br>Centro M\u00faltiple de Institutos de Educaci\u00f3n Superior y hoy esta decisi\u00f3n se materializa.<br>El lugar brindar\u00e1 una infraestructura adecuada para la educaci\u00f3n de las personas con<br>una amplia oferta acad\u00e9mica. Asimismo, se prev\u00e9 ofertar capacitaciones a trav\u00e9s del<br>Centro de Educaci\u00f3n Continua.<br>Para el Mandatario, el Nuevo Ecuador cumple con los j\u00f3venes: \u201cComo lo dijimos, les<br>damos instalaciones de primer nivel; oportunidades, cupos. La meta del gobierno<br>es que ustedes tengan poder de decisi\u00f3n y beneficio con el uso de todos los<br>activos del Estado\u201d.<br><\/p>\n\n\n\n<p>Dentro de la primera fase, el Conservatorio Superior Nacional de M\u00fasica, junto con el<br>Instituto Sucre, IST Yavirac e IST Artesanal ser\u00e1n part\u00edcipes de esta iniciativa al recibir a<br>estudiantes del primer nivel. Para la estudiante del Conservatorio Nacional de M\u00fasica, Sara Guitarra, el uso de este edificio p\u00fablico constituye un nuevo cap\u00edtulo para el conservatorio por eso agradeci\u00f3 al Presidente por su gesti\u00f3n y voluntad de fortalecer a la educaci\u00f3n superior.<br>El titular de Senescyt, C\u00e9sar V\u00e1zquez, explic\u00f3 que con la reactivaci\u00f3n del espacio<br>ubicado en la Mitad del Mundo se recibir\u00e1 inicialmente a 800 estudiantes.<\/p>\n\n\n\n<p> Adem\u00e1s, la generaci\u00f3n de empleo permiti\u00f3 la contrataci\u00f3n a cerca de 100 docentes quienes<br>impartir\u00e1n educaci\u00f3n inicial, gastronom\u00eda, turismo y las materias del Conservatorio.<br>El presidente Noboa agradeci\u00f3 a quienes velaron para que el edificio se convierta en el<br>centro de estudios, ante las artima\u00f1as que trataron de evitarlo. Y envi\u00f3 un \u00faltimo<br>mensaje: \u201cMe enorgullezco de cumplir con la juventud ecuatoriana. Hoy ustedes<br>gobiernan, deciden y son el presente\u201d.<\/p>\n\n\n\n<p><\/p>\n","protected":false},"excerpt":{"rendered":"<p>El presidente Daniel Noboa inaugur\u00f3 esta ma\u00f1ana, 18 de septiembre de 2024, la primera fase del Centro M\u00faltiple de Institutos \u2013 Mitad Del Mundo. Este centro est\u00e1 ubicado en el edificio de la ex Unasur, infraestructura que representa el fracaso de una ideolog\u00eda y que hoy fue entregada a 800 j\u00f3venes del pa\u00eds que recibir\u00e1n educaci\u00f3n superior p\u00fablica y formaci\u00f3n t\u00e9cnica y tecnol\u00f3gica.<\/p>\n","protected":false},"author":1,"featured_media":28144,"comment_status":"open","ping_status":"open","sticky":false,"template":"","format":"standard","meta":{"footnotes":""},"categories":[21],"tags":[23],"class_list":["post-28142","post","type-post","status-publish","format-standard","has-post-thumbnail","hentry","category-noticia-del-dia","tag-ecuador"],"_links":{"self":[{"href":"https:\/\/elmercuriomanta.ec\/index.php\/wp-json\/wp\/v2\/posts\/28142","targetHints":{"allow":["GET"]}}],"collection":[{"href":"https:\/\/elmercuriomanta.ec\/index.php\/wp-json\/wp\/v2\/posts"}],"about":[{"href":"https:\/\/elmercuriomanta.ec\/index.php\/wp-json\/wp\/v2\/types\/post"}],"author":[{"embeddable":true,"href":"https:\/\/elmercuriomanta.ec\/index.php\/wp-json\/wp\/v2\/users\/1"}],"replies":[{"embeddable":true,"href":"https:\/\/elmercuriomanta.ec\/index.php\/wp-json\/wp\/v2\/comments?post=28142"}],"version-history":[{"count":2,"href":"https:\/\/elmercuriomanta.ec\/index.php\/wp-json\/wp\/v2\/posts\/28142\/revisions"}],"predecessor-version":[{"id":28149,"href":"https:\/\/elmercuriomanta.ec\/index.php\/wp-json\/wp\/v2\/posts\/28142\/revisions\/28149"}],"wp:featuredmedia":[{"embeddable":true,"href":"https:\/\/elmercuriomanta.ec\/index.php\/wp-json\/wp\/v2\/media\/28144"}],"wp:attachment":[{"href":"https:\/\/elmercuriomanta.ec\/index.php\/wp-json\/wp\/v2\/media?parent=28142"}],"wp:term":[{"taxonomy":"category","embeddable":true,"href":"https:\/\/elmercuriomanta.ec\/index.php\/wp-json\/wp\/v2\/categories?post=28142"},{"taxonomy":"post_tag","embeddable":true,"href":"https:\/\/elmercuriomanta.ec\/index.php\/wp-json\/wp\/v2\/tags?post=28142"}],"curies":[{"name":"wp","href":"https:\/\/api.w.org\/{rel}","templated":true}]}}